{"id":94,"date":"2025-04-15T01:48:06","date_gmt":"2025-04-15T01:48:06","guid":{"rendered":"https:\/\/samuelcaderon.com\/?p=94"},"modified":"2025-04-15T01:48:06","modified_gmt":"2025-04-15T01:48:06","slug":"%f0%9f%8e%a4-samuel-calderon-rompe-fronteras-con-vete-el-video-hondureno-que-conquista-htv-y-aun-no-suena-en-su-pais","status":"publish","type":"post","link":"https:\/\/samuelcaderon.com\/?p=94","title":{"rendered":"\ud83c\udfa4 \u00a1Samuel Calder\u00f3n rompe fronteras con \u201cVete\u201d! | El video hondure\u00f1o que conquista HTV y a\u00fan no suena en su pa\u00eds"},"content":{"rendered":"\n<p><\/p>\n\n\n\n<p>Mientras muchos artistas luchan por salir del anonimato, Samuel Calder\u00f3n, un nombre cada vez m\u00e1s sonado en la escena musical hondure\u00f1a, est\u00e1 dejando huella&#8230; \u00a1fuera de Honduras! Su m\u00e1s reciente sencillo \u201cVete\u201d est\u00e1 a punto de alcanzar las 300 mil visualizaciones en YouTube, una cifra que no solo confirma el gusto del p\u00fablico, sino que lo posiciona como uno de los artistas emergentes m\u00e1s prometedores del pa\u00eds.<\/p>\n\n\n\n<figure class=\"wp-block-image size-large\"><img loading=\"lazy\" decoding=\"async\" width=\"1024\" height=\"1024\" src=\"https:\/\/samuelcaderon.com\/wp-content\/uploads\/2025\/04\/Portada-VETE-1024x1024.png\" alt=\"\" class=\"wp-image-95\" srcset=\"https:\/\/samuelcaderon.com\/wp-content\/uploads\/2025\/04\/Portada-VETE-1024x1024.png 1024w, https:\/\/samuelcaderon.com\/wp-content\/uploads\/2025\/04\/Portada-VETE-300x300.png 300w, https:\/\/samuelcaderon.com\/wp-content\/uploads\/2025\/04\/Portada-VETE-150x150.png 150w, https:\/\/samuelcaderon.com\/wp-content\/uploads\/2025\/04\/Portada-VETE-768x768.png 768w, https:\/\/samuelcaderon.com\/wp-content\/uploads\/2025\/04\/Portada-VETE-1536x1536.png 1536w, https:\/\/samuelcaderon.com\/wp-content\/uploads\/2025\/04\/Portada-VETE-2048x2048.png 2048w\" sizes=\"auto, (max-width: 1024px) 100vw, 1024px\" \/><\/figure>\n\n\n\n<p>Pero la verdadera sorpresa no termina ah\u00ed.<\/p>\n\n\n\n<p>El video de \u201cVete\u201d ya forma parte de la programaci\u00f3n oficial de HTV, el reconocido canal musical latino con sede en Miami, Estados Unidos. S\u00ed, HTV, la misma cadena que ha impulsado la carrera de gigantes como Juanes, Shakira y Carlos Vives, ahora apuesta por un talento hondure\u00f1o que lo est\u00e1 dando todo\u2026 y que a\u00fan no ha sido transmitido en ning\u00fan canal nacional.<\/p>\n\n\n\n<figure class=\"wp-block-embed is-type-video is-provider-youtube wp-block-embed-youtube wp-embed-aspect-16-9 wp-has-aspect-ratio\"><div class=\"wp-block-embed__wrapper\">\n<iframe loading=\"lazy\" title=\"VETE  -  Samuel Calder\u00f3n\" width=\"640\" height=\"360\" src=\"https:\/\/www.youtube.com\/embed\/m23Y8o7LSqw?feature=oembed\" frameborder=\"0\" allow=\"accelerometer; autoplay; clipboard-write; encrypted-media; gyroscope; picture-in-picture; web-share\" referrerpolicy=\"strict-origin-when-cross-origin\" allowfullscreen><\/iframe>\n<\/div><\/figure>\n\n\n\n<p>\u00bfUna iron\u00eda o una llamada de atenci\u00f3n?<\/p>\n\n\n\n<p>Mientras Calder\u00f3n triunfa en las pantallas internacionales, en Honduras su video a\u00fan no ha encontrado eco en la televisi\u00f3n local. Este vac\u00edo ha encendido la conversaci\u00f3n en redes sociales: \u00bfPor qu\u00e9 los medios nacionales no respaldan a sus propios artistas cuando el mundo ya los est\u00e1 mirando?<\/p>\n\n\n\n<p>\u201cVete\u201d no es solo una canci\u00f3n de desamor. Es una pieza producida con altos est\u00e1ndares visuales y sonoros, con una narrativa intensa, que deja claro que Samuel Calder\u00f3n no est\u00e1 improvisando: est\u00e1 construyendo una carrera s\u00f3lida y con visi\u00f3n internacional.<\/p>\n\n\n\n<p>El videoclip, disponible en YouTube, ha sido elogiado por su est\u00e9tica moderna, su direcci\u00f3n art\u00edstica y la interpretaci\u00f3n visceral de Calder\u00f3n. La melod\u00eda tiene ese gancho emocional que hace que quien la escucha, la repita. Una y otra vez.<\/p>\n\n\n\n<p>\u00bfQui\u00e9n es Samuel Calder\u00f3n?<\/p>\n\n\n\n<p>Para quienes a\u00fan no lo conocen (aunque cada vez son menos), Samuel es un artista que ha venido cosechando un camino firme dentro del pop latino y la m\u00fasica rom\u00e1ntica. Con una voz aut\u00e9ntica y letras que conectan con las emociones m\u00e1s profundas, ha logrado abrirse paso entre los gigantes, incluso sin el respaldo masivo de la industria nacional.<\/p>\n\n\n\n<p>\u00bfQu\u00e9 sigue?<\/p>\n\n\n\n<p>Todo indica que \u201cVete\u201d podr\u00eda ser apenas el inicio de una carrera que apunta alto. Con el respaldo de una cadena como HTV, las puertas se abren no solo en Latinoam\u00e9rica, sino en Estados Unidos y Europa. La pregunta es: \u00bfHonduras lo acompa\u00f1ar\u00e1 o llegar\u00e1 tarde a su propio fen\u00f3meno musical?<\/p>\n","protected":false},"excerpt":{"rendered":"<p>Mientras muchos artistas luchan por salir del anonimato, Samuel Calder\u00f3n, un nombre cada vez m\u00e1s sonado en la escena musical hondure\u00f1a, est\u00e1 dejando huella&#8230; \u00a1fuera [&hellip;]<\/p>\n","protected":false},"author":1,"featured_media":95,"comment_status":"open","ping_status":"open","sticky":false,"template":"","format":"standard","meta":{"footnotes":""},"categories":[4,5,3],"tags":[12,8,6,7,10,11,9],"class_list":["post-94","post","type-post","status-publish","format-standard","has-post-thumbnail","hentry","category-catrachos-por-el-mundo","category-honduras-en-el-mundo","category-musica","tag-artistas-emergentes","tag-catrachos","tag-honduras","tag-musica","tag-musica-catracha","tag-musica-romantica","tag-samuel-calderon"],"_links":{"self":[{"href":"https:\/\/samuelcaderon.com\/index.php?rest_route=\/wp\/v2\/posts\/94","targetHints":{"allow":["GET"]}}],"collection":[{"href":"https:\/\/samuelcaderon.com\/index.php?rest_route=\/wp\/v2\/posts"}],"about":[{"href":"https:\/\/samuelcaderon.com\/index.php?rest_route=\/wp\/v2\/types\/post"}],"author":[{"embeddable":true,"href":"https:\/\/samuelcaderon.com\/index.php?rest_route=\/wp\/v2\/users\/1"}],"replies":[{"embeddable":true,"href":"https:\/\/samuelcaderon.com\/index.php?rest_route=%2Fwp%2Fv2%2Fcomments&post=94"}],"version-history":[{"count":1,"href":"https:\/\/samuelcaderon.com\/index.php?rest_route=\/wp\/v2\/posts\/94\/revisions"}],"predecessor-version":[{"id":96,"href":"https:\/\/samuelcaderon.com\/index.php?rest_route=\/wp\/v2\/posts\/94\/revisions\/96"}],"wp:featuredmedia":[{"embeddable":true,"href":"https:\/\/samuelcaderon.com\/index.php?rest_route=\/wp\/v2\/media\/95"}],"wp:attachment":[{"href":"https:\/\/samuelcaderon.com\/index.php?rest_route=%2Fwp%2Fv2%2Fmedia&parent=94"}],"wp:term":[{"taxonomy":"category","embeddable":true,"href":"https:\/\/samuelcaderon.com\/index.php?rest_route=%2Fwp%2Fv2%2Fcategories&post=94"},{"taxonomy":"post_tag","embeddable":true,"href":"https:\/\/samuelcaderon.com\/index.php?rest_route=%2Fwp%2Fv2%2Ftags&post=94"}],"curies":[{"name":"wp","href":"https:\/\/api.w.org\/{rel}","templated":true}]}}