{"id":87,"date":"2025-03-27T03:42:47","date_gmt":"2025-03-27T03:42:47","guid":{"rendered":"https:\/\/samuelcaderon.com\/?p=87"},"modified":"2025-03-27T03:42:47","modified_gmt":"2025-03-27T03:42:47","slug":"samuel-calderon-transforma-un-clasico-de-alvaro-torres-con-un-estilo-unico-e-irresistible","status":"publish","type":"post","link":"https:\/\/samuelcaderon.com\/?p=87","title":{"rendered":"Samuel Calder\u00f3n transforma un cl\u00e1sico de \u00c1lvaro Torres con un estilo \u00fanico e irresistible"},"content":{"rendered":"\n<p>El talento joven sigue rindiendo tributo a las leyendas de la m\u00fasica. <strong>Samuel Calder\u00f3n<\/strong>, apasionado cantante y artista en ascenso, se prepara para sorprender al p\u00fablico con el estreno de su m\u00e1s reciente proyecto: <strong>un emocionante cover de &#8220;De Qu\u00e9 Me Sirve Quererte&#8221;<\/strong>, el \u00e9xito rom\u00e1ntico del ic\u00f3nico cantante salvadore\u00f1o <strong>\u00c1lvaro Torres<\/strong>.<\/p>\n\n\n\n<p>Este <strong>viernes 28 de marzo<\/strong>, Calder\u00f3n lanzar\u00e1 su versi\u00f3n de esta joya musical, fusionando su esencia y <strong>un sonido moderno y fresco<\/strong> que promete conquistar a quienes aman la m\u00fasica rom\u00e1ntica. La canci\u00f3n, que fue <strong>una gran influencia en su juventud<\/strong>, es un reflejo del respeto y la admiraci\u00f3n que siente por \u00c1lvaro Torres, un referente de la balada rom\u00e1ntica en Latinoam\u00e9rica.<\/p>\n\n\n\n<figure class=\"wp-block-image size-full\"><img loading=\"lazy\" decoding=\"async\" width=\"949\" height=\"536\" src=\"https:\/\/samuelcaderon.com\/wp-content\/uploads\/2025\/03\/foto-3.png\" alt=\"\" class=\"wp-image-88\" srcset=\"https:\/\/samuelcaderon.com\/wp-content\/uploads\/2025\/03\/foto-3.png 949w, https:\/\/samuelcaderon.com\/wp-content\/uploads\/2025\/03\/foto-3-300x169.png 300w, https:\/\/samuelcaderon.com\/wp-content\/uploads\/2025\/03\/foto-3-768x434.png 768w\" sizes=\"auto, (max-width: 949px) 100vw, 949px\" \/><\/figure>\n\n\n\n<p>Pero este no es solo un simple cover. <strong>Samuel Calder\u00f3n ha impregnado cada nota con su sello personal<\/strong>, transformando la melod\u00eda cl\u00e1sica en una interpretaci\u00f3n vibrante, con matices actuales que le dar\u00e1n nueva vida a este \u00e9xito. El estreno <strong>tendr\u00e1 su debut en YouTube este viernes<\/strong> y posteriormente estar\u00e1 disponible en <strong>todas las plataformas digitales<\/strong>, incluyendo <strong>Spotify, Apple Music y m\u00e1s<\/strong>.<\/p>\n\n\n\n<figure class=\"wp-block-image size-full\"><img loading=\"lazy\" decoding=\"async\" width=\"926\" height=\"534\" src=\"https:\/\/samuelcaderon.com\/wp-content\/uploads\/2025\/03\/foto-2.png\" alt=\"\" class=\"wp-image-89\" srcset=\"https:\/\/samuelcaderon.com\/wp-content\/uploads\/2025\/03\/foto-2.png 926w, https:\/\/samuelcaderon.com\/wp-content\/uploads\/2025\/03\/foto-2-300x173.png 300w, https:\/\/samuelcaderon.com\/wp-content\/uploads\/2025\/03\/foto-2-768x443.png 768w\" sizes=\"auto, (max-width: 926px) 100vw, 926px\" \/><\/figure>\n\n\n\n<p>\ud83d\udd34 <strong>\u00bfEst\u00e1s listo para escuchar este cl\u00e1sico con un nuevo aire?<\/strong><br>\ud83d\udd52 <strong>Activa la campanita y no te pierdas el estreno en YouTube<\/strong>.<br>\ud83c\udfa7 <strong>Esc\u00fachala en streaming y disfruta de la evoluci\u00f3n de la m\u00fasica rom\u00e1ntica<\/strong>.<\/p>\n\n\n\n<p>Samuel Calder\u00f3n nos recuerda que los grandes temas nunca mueren, <strong>se transforman en nuevas experiencias musicales<\/strong>. <strong>\u00a1No te pierdas esta sorpresa!<\/strong><\/p>\n\n\n\n<figure class=\"wp-block-embed is-type-video is-provider-youtube wp-block-embed-youtube wp-embed-aspect-16-9 wp-has-aspect-ratio\"><div class=\"wp-block-embed__wrapper\">\n<iframe loading=\"lazy\" title=\"VETE  -  Samuel Calder\u00f3n\" width=\"640\" height=\"360\" src=\"https:\/\/www.youtube.com\/embed\/m23Y8o7LSqw?feature=oembed\" frameborder=\"0\" allow=\"accelerometer; autoplay; clipboard-write; encrypted-media; gyroscope; picture-in-picture; web-share\" referrerpolicy=\"strict-origin-when-cross-origin\" allowfullscreen><\/iframe>\n<\/div><\/figure>\n\n\n\n<p><\/p>\n","protected":false},"excerpt":{"rendered":"<p>El talento joven sigue rindiendo tributo a las leyendas de la m\u00fasica. Samuel Calder\u00f3n, apasionado cantante y artista en ascenso, se prepara para sorprender al [&hellip;]<\/p>\n","protected":false},"author":1,"featured_media":88,"comment_status":"open","ping_status":"open","sticky":false,"template":"","format":"standard","meta":{"footnotes":""},"categories":[4,5,3],"tags":[20],"class_list":["post-87","post","type-post","status-publish","format-standard","has-post-thumbnail","hentry","category-catrachos-por-el-mundo","category-honduras-en-el-mundo","category-musica","tag-samuelcalderon--alvarotorres--dequemesirvequererte--nuevocover--musicaromantica--homenajemusical--estrenomusical"],"_links":{"self":[{"href":"https:\/\/samuelcaderon.com\/index.php?rest_route=\/wp\/v2\/posts\/87","targetHints":{"allow":["GET"]}}],"collection":[{"href":"https:\/\/samuelcaderon.com\/index.php?rest_route=\/wp\/v2\/posts"}],"about":[{"href":"https:\/\/samuelcaderon.com\/index.php?rest_route=\/wp\/v2\/types\/post"}],"author":[{"embeddable":true,"href":"https:\/\/samuelcaderon.com\/index.php?rest_route=\/wp\/v2\/users\/1"}],"replies":[{"embeddable":true,"href":"https:\/\/samuelcaderon.com\/index.php?rest_route=%2Fwp%2Fv2%2Fcomments&post=87"}],"version-history":[{"count":1,"href":"https:\/\/samuelcaderon.com\/index.php?rest_route=\/wp\/v2\/posts\/87\/revisions"}],"predecessor-version":[{"id":90,"href":"https:\/\/samuelcaderon.com\/index.php?rest_route=\/wp\/v2\/posts\/87\/revisions\/90"}],"wp:featuredmedia":[{"embeddable":true,"href":"https:\/\/samuelcaderon.com\/index.php?rest_route=\/wp\/v2\/media\/88"}],"wp:attachment":[{"href":"https:\/\/samuelcaderon.com\/index.php?rest_route=%2Fwp%2Fv2%2Fmedia&parent=87"}],"wp:term":[{"taxonomy":"category","embeddable":true,"href":"https:\/\/samuelcaderon.com\/index.php?rest_route=%2Fwp%2Fv2%2Fcategories&post=87"},{"taxonomy":"post_tag","embeddable":true,"href":"https:\/\/samuelcaderon.com\/index.php?rest_route=%2Fwp%2Fv2%2Ftags&post=87"}],"curies":[{"name":"wp","href":"https:\/\/api.w.org\/{rel}","templated":true}]}}