{"id":82,"date":"2025-01-20T18:11:18","date_gmt":"2025-01-20T18:11:18","guid":{"rendered":"https:\/\/samuelcaderon.com\/?p=82"},"modified":"2025-01-20T18:11:18","modified_gmt":"2025-01-20T18:11:18","slug":"vete-el-desgarrador-himno-de-samuel-calderon-para-corazones-rotos","status":"publish","type":"post","link":"https:\/\/samuelcaderon.com\/?p=82","title":{"rendered":"&#8220;Vete&#8221;: El desgarrador himno de Samuel Calder\u00f3n para corazones rotos"},"content":{"rendered":"\n<p>El reconocido cantante de balada pop, Samuel Calder\u00f3n, est\u00e1 listo para estremecer los corazones de su p\u00fablico con el lanzamiento de su nuevo sencillo, &#8220;Vete&#8221;, este pr\u00f3ximo 30 de enero. Con una propuesta rom\u00e1ntica moderna, Calder\u00f3n nos lleva a explorar el lado m\u00e1s crudo y honesto del amor: cuando darlo todo no es suficiente y es momento de soltar.<\/p>\n\n\n\n<p>En esta poderosa balada, Samuel narra la desgarradora decisi\u00f3n de decir adi\u00f3s a un amor que no supo valorar. Con frases como &#8220;Vete, por favor, ya no quiero verte. El precio es muy alto por tu amor y ya no quiero caer&#8221;, el artista encapsula la valent\u00eda de romper con una relaci\u00f3n t\u00f3xica y elegir el amor propio.<\/p>\n\n\n\n<p>\u201cQuer\u00eda escribir algo que conectara con todos esos momentos en los que sentimos que ya dimos todo y no queda m\u00e1s que seguir adelante. Es un mensaje duro, pero liberador\u201d, confes\u00f3 Calder\u00f3n en una reciente entrevista.<\/p>\n\n\n\n<figure class=\"wp-block-image size-large\"><img loading=\"lazy\" decoding=\"async\" width=\"1024\" height=\"1024\" src=\"https:\/\/samuelcaderon.com\/wp-content\/uploads\/2025\/01\/Portada-VETE-1024x1024.png\" alt=\"\" class=\"wp-image-83\" srcset=\"https:\/\/samuelcaderon.com\/wp-content\/uploads\/2025\/01\/Portada-VETE-1024x1024.png 1024w, https:\/\/samuelcaderon.com\/wp-content\/uploads\/2025\/01\/Portada-VETE-300x300.png 300w, https:\/\/samuelcaderon.com\/wp-content\/uploads\/2025\/01\/Portada-VETE-150x150.png 150w, https:\/\/samuelcaderon.com\/wp-content\/uploads\/2025\/01\/Portada-VETE-768x768.png 768w, https:\/\/samuelcaderon.com\/wp-content\/uploads\/2025\/01\/Portada-VETE-1536x1536.png 1536w, https:\/\/samuelcaderon.com\/wp-content\/uploads\/2025\/01\/Portada-VETE-2048x2048.png 2048w\" sizes=\"auto, (max-width: 1024px) 100vw, 1024px\" \/><\/figure>\n\n\n\n<p>La producci\u00f3n de &#8220;Vete&#8221; no solo destaca por su emotiva letra, sino tambi\u00e9n por su sofisticada mezcla de sonidos modernos y cl\u00e1sicos. El sencillo promete ser un himno para quienes buscan sanar sus heridas amorosas. La melod\u00eda combina suaves acordes de piano y una explosi\u00f3n de cuerdas que eleva la intensidad emocional de la canci\u00f3n, haci\u00e9ndola perfecta para cualquier playlist rom\u00e1ntica.<\/p>\n\n\n\n<p>Samuel Calder\u00f3n ha demostrado una vez m\u00e1s su capacidad de innovar dentro del g\u00e9nero pop rom\u00e1ntico, transformando vivencias personales en arte. Este lanzamiento tambi\u00e9n marca el inicio de una nueva etapa en su carrera, en la que el artista promete explorar tem\u00e1ticas m\u00e1s \u00edntimas y universales.<\/p>\n\n\n\n<p>El estreno de &#8220;Vete&#8221; estar\u00e1 disponible en todas las plataformas digitales el 30 de enero, acompa\u00f1ado de un videoclip que, seg\u00fan fuentes cercanas al artista, ser\u00e1 una representaci\u00f3n visual poderosa de esta etapa de desamor y sanaci\u00f3n.<\/p>\n\n\n\n<p>Si alguna vez te has encontrado en una relaci\u00f3n que no te daba el lugar que mereces, esta canci\u00f3n ser\u00e1 el b\u00e1lsamo que necesitas para recordar que siempre hay fuerza en decir adi\u00f3s.<\/p>\n\n\n\n<figure class=\"wp-block-video\"><video height=\"1920\" style=\"aspect-ratio: 1080 \/ 1920;\" width=\"1080\" autoplay controls loop src=\"https:\/\/samuelcaderon.com\/wp-content\/uploads\/2025\/01\/MUY-PRONTO.mp4\"><\/video><\/figure>\n","protected":false},"excerpt":{"rendered":"<p>El reconocido cantante de balada pop, Samuel Calder\u00f3n, est\u00e1 listo para estremecer los corazones de su p\u00fablico con el lanzamiento de su nuevo sencillo, &#8220;Vete&#8221;, [&hellip;]<\/p>\n","protected":false},"author":1,"featured_media":83,"comment_status":"open","ping_status":"open","sticky":false,"template":"","format":"standard","meta":{"footnotes":""},"categories":[4,5,3],"tags":[18,19,17],"class_list":["post-82","post","type-post","status-publish","format-standard","has-post-thumbnail","hentry","category-catrachos-por-el-mundo","category-honduras-en-el-mundo","category-musica","tag-el-nuevo-sencillo-de-samuel-calderon","tag-estreno-samuel-calderon","tag-vete"],"_links":{"self":[{"href":"https:\/\/samuelcaderon.com\/index.php?rest_route=\/wp\/v2\/posts\/82","targetHints":{"allow":["GET"]}}],"collection":[{"href":"https:\/\/samuelcaderon.com\/index.php?rest_route=\/wp\/v2\/posts"}],"about":[{"href":"https:\/\/samuelcaderon.com\/index.php?rest_route=\/wp\/v2\/types\/post"}],"author":[{"embeddable":true,"href":"https:\/\/samuelcaderon.com\/index.php?rest_route=\/wp\/v2\/users\/1"}],"replies":[{"embeddable":true,"href":"https:\/\/samuelcaderon.com\/index.php?rest_route=%2Fwp%2Fv2%2Fcomments&post=82"}],"version-history":[{"count":1,"href":"https:\/\/samuelcaderon.com\/index.php?rest_route=\/wp\/v2\/posts\/82\/revisions"}],"predecessor-version":[{"id":85,"href":"https:\/\/samuelcaderon.com\/index.php?rest_route=\/wp\/v2\/posts\/82\/revisions\/85"}],"wp:featuredmedia":[{"embeddable":true,"href":"https:\/\/samuelcaderon.com\/index.php?rest_route=\/wp\/v2\/media\/83"}],"wp:attachment":[{"href":"https:\/\/samuelcaderon.com\/index.php?rest_route=%2Fwp%2Fv2%2Fmedia&parent=82"}],"wp:term":[{"taxonomy":"category","embeddable":true,"href":"https:\/\/samuelcaderon.com\/index.php?rest_route=%2Fwp%2Fv2%2Fcategories&post=82"},{"taxonomy":"post_tag","embeddable":true,"href":"https:\/\/samuelcaderon.com\/index.php?rest_route=%2Fwp%2Fv2%2Ftags&post=82"}],"curies":[{"name":"wp","href":"https:\/\/api.w.org\/{rel}","templated":true}]}}