{"id":77,"date":"2024-12-12T19:06:54","date_gmt":"2024-12-12T19:06:54","guid":{"rendered":"https:\/\/samuelcaderon.com\/?p=77"},"modified":"2024-12-12T19:06:54","modified_gmt":"2024-12-12T19:06:54","slug":"samuel-calderon-y-fabiola-membreno-una-union-musical-que-vive-en-mi-mente","status":"publish","type":"post","link":"https:\/\/samuelcaderon.com\/?p=77","title":{"rendered":"Samuel Calder\u00f3n y Fabiola Membre\u00f1o: Una Uni\u00f3n Musical Que Vive \u201cEn Mi Mente\u201d"},"content":{"rendered":"\n<p>El 20 de diciembre marcar\u00e1 un hito musical con el lanzamiento de <em>En Mi Mente<\/em>, una conmovedora balada que une los talentos de dos grandes voces de la m\u00fasica hondure\u00f1a: Samuel Calder\u00f3n y Fabiola Membre\u00f1o. La colaboraci\u00f3n promete conquistar corazones y dejar huella con una historia de amor imposible que, aunque no pueda ser real, encuentra refugio eterno en la mente de quien ama.<\/p>\n\n\n\n<p>Esta canci\u00f3n, compuesta por el propio Samuel Calder\u00f3n, se sumerge en las profundidades de las emociones humanas, explorando el anhelo, la nostalgia y esa conexi\u00f3n intangible que desaf\u00eda las barreras de la realidad. Por si fuera poco, Fabiola Membre\u00f1o a\u00f1ade un toque especial como invitada, aportando su inconfundible calidez vocal y complementando perfectamente la narrativa de esta obra musical.<\/p>\n\n\n\n<figure class=\"wp-block-image size-large\"><img loading=\"lazy\" decoding=\"async\" width=\"1024\" height=\"576\" src=\"https:\/\/samuelcaderon.com\/wp-content\/uploads\/2024\/12\/Portada-En-mi-Mente-Samuel-Calderon-x-Fabiola-Membreno-4K_2-1024x576.jpg\" alt=\"\" class=\"wp-image-78\" srcset=\"https:\/\/samuelcaderon.com\/wp-content\/uploads\/2024\/12\/Portada-En-mi-Mente-Samuel-Calderon-x-Fabiola-Membreno-4K_2-1024x576.jpg 1024w, https:\/\/samuelcaderon.com\/wp-content\/uploads\/2024\/12\/Portada-En-mi-Mente-Samuel-Calderon-x-Fabiola-Membreno-4K_2-300x169.jpg 300w, https:\/\/samuelcaderon.com\/wp-content\/uploads\/2024\/12\/Portada-En-mi-Mente-Samuel-Calderon-x-Fabiola-Membreno-4K_2-768x432.jpg 768w, https:\/\/samuelcaderon.com\/wp-content\/uploads\/2024\/12\/Portada-En-mi-Mente-Samuel-Calderon-x-Fabiola-Membreno-4K_2-1536x864.jpg 1536w, https:\/\/samuelcaderon.com\/wp-content\/uploads\/2024\/12\/Portada-En-mi-Mente-Samuel-Calderon-x-Fabiola-Membreno-4K_2-2048x1152.jpg 2048w\" sizes=\"auto, (max-width: 1024px) 100vw, 1024px\" \/><\/figure>\n\n\n\n<p>El video clip oficial, que se estrenar\u00e1 el jueves 19 de diciembre en el canal de YouTube de Samuel Calder\u00f3n, promete ser una experiencia visual tan cautivadora como la canci\u00f3n misma. Con im\u00e1genes que reflejan la intensidad y la melancol\u00eda del amor que no puede ser, este lanzamiento se perfila como uno de los m\u00e1s emotivos de la temporada.<\/p>\n\n\n\n<p><strong>Un Mensaje de Pasi\u00f3n y Realidad<\/strong><\/p>\n\n\n\n<p>Samuel Calder\u00f3n se ha destacado como un cantautor que no teme explorar los rincones m\u00e1s complejos del amor y la vida. Con <em>En Mi Mente<\/em>, entrega un mensaje profundo y universal: hay amores que, aunque no puedan materializarse, jam\u00e1s se borran del alma. Este tema resuena especialmente en esta \u00e9poca del a\u00f1o, cuando las emociones afloran y las conexiones humanas se sienten m\u00e1s intensas.<\/p>\n\n\n\n<p>Por su parte, Fabiola Membre\u00f1o, conocida por su impresionante rango vocal y su sensibilidad interpretativa, asegura que colaborar en este proyecto ha sido una experiencia \u00fanica: \u201cLa canci\u00f3n tiene una esencia m\u00e1gica. Es imposible no sentirse identificado con la historia\u201d.<\/p>\n\n\n\n<p><strong>\u00a1No Te Lo Pierdas!<\/strong><\/p>\n\n\n\n<p>Te invitamos a ser parte de este estreno que promete llenar de emociones las listas de reproducci\u00f3n de todos los amantes de la buena m\u00fasica. Sigue a Samuel Calder\u00f3n en su canal de YouTube para disfrutar del videoclip y suscr\u00edbete para no perderte las pr\u00f3ximas sorpresas que el artista tiene preparadas.<\/p>\n\n\n\n<p>Con un sonido envolvente y una historia que toca el alma, <em>En Mi Mente<\/em> es m\u00e1s que una canci\u00f3n: es un viaje emocional que te har\u00e1 reflexionar sobre los amores que llevamos dentro. \u00bfListos para sentir?<\/p>\n\n\n\n<figure class=\"wp-block-video\"><video height=\"1350\" style=\"aspect-ratio: 1080 \/ 1350;\" width=\"1080\" autoplay controls loop src=\"https:\/\/samuelcaderon.com\/wp-content\/uploads\/2024\/12\/PROMO-EN-MI-MENTE-1.mp4\"><\/video><\/figure>\n","protected":false},"excerpt":{"rendered":"<p>El 20 de diciembre marcar\u00e1 un hito musical con el lanzamiento de En Mi Mente, una conmovedora balada que une los talentos de dos grandes [&hellip;]<\/p>\n","protected":false},"author":1,"featured_media":78,"comment_status":"open","ping_status":"open","sticky":false,"template":"","format":"standard","meta":{"footnotes":""},"categories":[4,5,3],"tags":[15,14,16,13],"class_list":["post-77","post","type-post","status-publish","format-standard","has-post-thumbnail","hentry","category-catrachos-por-el-mundo","category-honduras-en-el-mundo","category-musica","tag-en-mi-mente","tag-fabiola-membreno","tag-musica-hondurena","tag-samuel-calderon-2"],"_links":{"self":[{"href":"https:\/\/samuelcaderon.com\/index.php?rest_route=\/wp\/v2\/posts\/77","targetHints":{"allow":["GET"]}}],"collection":[{"href":"https:\/\/samuelcaderon.com\/index.php?rest_route=\/wp\/v2\/posts"}],"about":[{"href":"https:\/\/samuelcaderon.com\/index.php?rest_route=\/wp\/v2\/types\/post"}],"author":[{"embeddable":true,"href":"https:\/\/samuelcaderon.com\/index.php?rest_route=\/wp\/v2\/users\/1"}],"replies":[{"embeddable":true,"href":"https:\/\/samuelcaderon.com\/index.php?rest_route=%2Fwp%2Fv2%2Fcomments&post=77"}],"version-history":[{"count":1,"href":"https:\/\/samuelcaderon.com\/index.php?rest_route=\/wp\/v2\/posts\/77\/revisions"}],"predecessor-version":[{"id":80,"href":"https:\/\/samuelcaderon.com\/index.php?rest_route=\/wp\/v2\/posts\/77\/revisions\/80"}],"wp:featuredmedia":[{"embeddable":true,"href":"https:\/\/samuelcaderon.com\/index.php?rest_route=\/wp\/v2\/media\/78"}],"wp:attachment":[{"href":"https:\/\/samuelcaderon.com\/index.php?rest_route=%2Fwp%2Fv2%2Fmedia&parent=77"}],"wp:term":[{"taxonomy":"category","embeddable":true,"href":"https:\/\/samuelcaderon.com\/index.php?rest_route=%2Fwp%2Fv2%2Fcategories&post=77"},{"taxonomy":"post_tag","embeddable":true,"href":"https:\/\/samuelcaderon.com\/index.php?rest_route=%2Fwp%2Fv2%2Ftags&post=77"}],"curies":[{"name":"wp","href":"https:\/\/api.w.org\/{rel}","templated":true}]}}