{"id":71,"date":"2024-11-18T17:25:30","date_gmt":"2024-11-18T17:25:30","guid":{"rendered":"https:\/\/samuelcaderon.com\/?p=71"},"modified":"2024-11-18T17:29:20","modified_gmt":"2024-11-18T17:29:20","slug":"samuel-calderon-del-nerviosismo-al-triunfo-en-su-gira-europea","status":"publish","type":"post","link":"https:\/\/samuelcaderon.com\/?p=71","title":{"rendered":"Samuel Calder\u00f3n: Del Nerviosismo al Triunfo en su Gira Europea"},"content":{"rendered":"\n<p>Samuel Calder\u00f3n, cantante de baladas pop, ha demostrado que incluso los retos m\u00e1s desafiantes pueden transformarse en \u00e9xitos inolvidables. Durante su reciente gira por Europa, enfrent\u00f3 dos grandes pruebas: cantar ante 20,000 personas y conectar profundamente con un p\u00fablico desconocido. \u201cAmbas cosas fueron logradas\u201d, expres\u00f3 el artista, marcando un hito en su joven carrera.<\/p>\n\n\n\n<p>Una an\u00e9cdota que casi lo deja sin escenario en Madrid a\u00f1ade sabor a su historia. Por poco, el \u201cpecado de novato\u201d de no tramitar los permisos adecuados le impide presentarse. Sin embargo, gracias a la intervenci\u00f3n de su promotor y sus contactos, Samuel pudo conquistar al p\u00fablico a \u00faltimo momento y evitar lo que pudo ser un gran desliz.<\/p>\n\n\n\n<figure class=\"wp-block-image size-large\"><img loading=\"lazy\" decoding=\"async\" width=\"753\" height=\"1024\" src=\"https:\/\/samuelcaderon.com\/wp-content\/uploads\/2024\/11\/foto66-753x1024.jpg\" alt=\"\" class=\"wp-image-72\" srcset=\"https:\/\/samuelcaderon.com\/wp-content\/uploads\/2024\/11\/foto66-753x1024.jpg 753w, https:\/\/samuelcaderon.com\/wp-content\/uploads\/2024\/11\/foto66-221x300.jpg 221w, https:\/\/samuelcaderon.com\/wp-content\/uploads\/2024\/11\/foto66-768x1045.jpg 768w, https:\/\/samuelcaderon.com\/wp-content\/uploads\/2024\/11\/foto66-1129x1536.jpg 1129w, https:\/\/samuelcaderon.com\/wp-content\/uploads\/2024\/11\/foto66.jpg 1176w\" sizes=\"auto, (max-width: 753px) 100vw, 753px\" \/><\/figure>\n\n\n\n<p>El recibimiento en Europa, donde los asistentes eran principalmente de Ecuador, Per\u00fa, Bolivia y otros pa\u00edses de Sudam\u00e9rica, fue c\u00e1lido y lleno de respeto. La interpretaci\u00f3n de su canci\u00f3n sobre la migraci\u00f3n, \u201cCon el Permiso de Dios\u201d, reson\u00f3 profundamente y uni\u00f3 a los presentes en un momento de emoci\u00f3n compartida.<\/p>\n\n\n\n<p>Samuel tambi\u00e9n aprovech\u00f3 la gira para filmar un video en Barcelona, incluyendo lugares emblem\u00e1ticos como la Sagrada Familia. Lo que comenz\u00f3 como una idea espont\u00e1nea result\u00f3 en un rodaje memorable que destac\u00f3 la belleza de la ciudad y la autenticidad de su arte.<\/p>\n\n\n\n<p class=\"has-brown-color has-yellow-background-color has-text-color has-background has-link-color has-regular-font-size wp-elements-fd10010b018873a4c64603b9dbcb0ca2\"><a href=\"https:\/\/www.youtube.com\/watch?v=R1c1fwX3ymE\">Mira ahora mismo su nuevo Video Clip Musical de Samuel Calder\u00f3n No Te Enamores <\/a><\/p>\n\n\n\n<p>El 2024 ha sido inesperadamente su mejor a\u00f1o musical, a pesar de ser el periodo en el que menos compuso. Grandes oportunidades surgieron tanto a nivel nacional como internacional, reafirmando su decisi\u00f3n de enfocarse en proyectos ambiciosos y de largo alcance.<\/p>\n\n\n\n<figure class=\"wp-block-image size-large\"><img loading=\"lazy\" decoding=\"async\" width=\"768\" height=\"1024\" src=\"https:\/\/samuelcaderon.com\/wp-content\/uploads\/2024\/11\/foto33-768x1024.jpg\" alt=\"\" class=\"wp-image-73\" srcset=\"https:\/\/samuelcaderon.com\/wp-content\/uploads\/2024\/11\/foto33-768x1024.jpg 768w, https:\/\/samuelcaderon.com\/wp-content\/uploads\/2024\/11\/foto33-225x300.jpg 225w, https:\/\/samuelcaderon.com\/wp-content\/uploads\/2024\/11\/foto33-1152x1536.jpg 1152w, https:\/\/samuelcaderon.com\/wp-content\/uploads\/2024\/11\/foto33.jpg 1200w\" sizes=\"auto, (max-width: 768px) 100vw, 768px\" \/><\/figure>\n\n\n\n<p>Para sus seguidores, la historia no termina aqu\u00ed. Samuel promete m\u00e1s sorpresas y estrenos antes de finalizar el a\u00f1o, invitando a todos a seguir de cerca su camino y disfrutar de lo que est\u00e1 por venir.<\/p>\n\n\n\n<p><strong>Conclusi\u00f3n:<\/strong> Con pasos firmes y lecciones aprendidas, Samuel Calder\u00f3n se consagra como una de las voces m\u00e1s prometedoras del pop en Honduras y m\u00e1s<\/p>\n\n\n\n<figure class=\"wp-block-embed is-type-video is-provider-youtube wp-block-embed-youtube wp-embed-aspect-16-9 wp-has-aspect-ratio\"><div class=\"wp-block-embed__wrapper\">\n<iframe loading=\"lazy\" title=\"DICIEMBRE   Samuel calder\u00f3n\" width=\"640\" height=\"360\" src=\"https:\/\/www.youtube.com\/embed\/-cTzON-inPY?feature=oembed\" frameborder=\"0\" allow=\"accelerometer; autoplay; clipboard-write; encrypted-media; gyroscope; picture-in-picture; web-share\" referrerpolicy=\"strict-origin-when-cross-origin\" allowfullscreen><\/iframe>\n<\/div><\/figure>\n","protected":false},"excerpt":{"rendered":"<p>Samuel Calder\u00f3n, cantante de baladas pop, ha demostrado que incluso los retos m\u00e1s desafiantes pueden transformarse en \u00e9xitos inolvidables. Durante su reciente gira por Europa, [&hellip;]<\/p>\n","protected":false},"author":1,"featured_media":72,"comment_status":"open","ping_status":"open","sticky":false,"template":"","format":"standard","meta":{"footnotes":""},"categories":[4,5,3],"tags":[],"class_list":["post-71","post","type-post","status-publish","format-standard","has-post-thumbnail","hentry","category-catrachos-por-el-mundo","category-honduras-en-el-mundo","category-musica"],"_links":{"self":[{"href":"https:\/\/samuelcaderon.com\/index.php?rest_route=\/wp\/v2\/posts\/71","targetHints":{"allow":["GET"]}}],"collection":[{"href":"https:\/\/samuelcaderon.com\/index.php?rest_route=\/wp\/v2\/posts"}],"about":[{"href":"https:\/\/samuelcaderon.com\/index.php?rest_route=\/wp\/v2\/types\/post"}],"author":[{"embeddable":true,"href":"https:\/\/samuelcaderon.com\/index.php?rest_route=\/wp\/v2\/users\/1"}],"replies":[{"embeddable":true,"href":"https:\/\/samuelcaderon.com\/index.php?rest_route=%2Fwp%2Fv2%2Fcomments&post=71"}],"version-history":[{"count":2,"href":"https:\/\/samuelcaderon.com\/index.php?rest_route=\/wp\/v2\/posts\/71\/revisions"}],"predecessor-version":[{"id":75,"href":"https:\/\/samuelcaderon.com\/index.php?rest_route=\/wp\/v2\/posts\/71\/revisions\/75"}],"wp:featuredmedia":[{"embeddable":true,"href":"https:\/\/samuelcaderon.com\/index.php?rest_route=\/wp\/v2\/media\/72"}],"wp:attachment":[{"href":"https:\/\/samuelcaderon.com\/index.php?rest_route=%2Fwp%2Fv2%2Fmedia&parent=71"}],"wp:term":[{"taxonomy":"category","embeddable":true,"href":"https:\/\/samuelcaderon.com\/index.php?rest_route=%2Fwp%2Fv2%2Fcategories&post=71"},{"taxonomy":"post_tag","embeddable":true,"href":"https:\/\/samuelcaderon.com\/index.php?rest_route=%2Fwp%2Fv2%2Ftags&post=71"}],"curies":[{"name":"wp","href":"https:\/\/api.w.org\/{rel}","templated":true}]}}