{"id":64,"date":"2024-11-02T22:05:18","date_gmt":"2024-11-02T22:05:18","guid":{"rendered":"https:\/\/samuelcaderon.com\/?p=64"},"modified":"2024-11-02T22:07:45","modified_gmt":"2024-11-02T22:07:45","slug":"con-ritmo-y-pasion-samuel-calderon-lleva-el-orgullo-hondureno-a-escenarios-europeos","status":"publish","type":"post","link":"https:\/\/samuelcaderon.com\/?p=64","title":{"rendered":"Con Ritmo y Pasi\u00f3n, Samuel Calder\u00f3n Lleva el Orgullo Hondure\u00f1o a Escenarios Europeos"},"content":{"rendered":"\n<p>El talento hondure\u00f1o sigue cruzando fronteras, y esta vez fue el carism\u00e1tico cantante Samuel Calder\u00f3n quien se adue\u00f1\u00f3 de escenarios en diversas ciudades europeas durante su tercera gira internacional. Residentes hondure\u00f1os en Madrid, Barcelona y otros puntos estrat\u00e9gicos de Europa disfrutaron de un repertorio \u00fanico, lleno de romanticismo y la pasi\u00f3n caracter\u00edstica de este destacado artista.<\/p>\n\n\n\n<figure class=\"wp-block-image size-large\"><img loading=\"lazy\" decoding=\"async\" width=\"683\" height=\"1024\" src=\"https:\/\/samuelcaderon.com\/wp-content\/uploads\/2024\/11\/IMG_7549-683x1024.jpg\" alt=\"\" class=\"wp-image-68\" srcset=\"https:\/\/samuelcaderon.com\/wp-content\/uploads\/2024\/11\/IMG_7549-683x1024.jpg 683w, https:\/\/samuelcaderon.com\/wp-content\/uploads\/2024\/11\/IMG_7549-200x300.jpg 200w, https:\/\/samuelcaderon.com\/wp-content\/uploads\/2024\/11\/IMG_7549-768x1151.jpg 768w, https:\/\/samuelcaderon.com\/wp-content\/uploads\/2024\/11\/IMG_7549-1025x1536.jpg 1025w, https:\/\/samuelcaderon.com\/wp-content\/uploads\/2024\/11\/IMG_7549-1366x2048.jpg 1366w, https:\/\/samuelcaderon.com\/wp-content\/uploads\/2024\/11\/IMG_7549-scaled.jpg 1708w\" sizes=\"auto, (max-width: 683px) 100vw, 683px\" \/><\/figure>\n\n\n\n<p>Con su capacidad innata para conectar con el p\u00fablico, Calder\u00f3n se present\u00f3 junto a grandes estrellas de la m\u00fasica latina en el famoso festival &#8220;Yo Soy Latino&#8221;, compartiendo escenario con ic\u00f3nicas agrupaciones como Grupo Brindis, Amar Azul, Grupo Jayac, Antolog\u00eda y Yambao. Las emociones estuvieron a flor de piel y las presentaciones no hicieron m\u00e1s que consolidar su estatus como embajador musical de Honduras en el mundo.<\/p>\n\n\n\n<figure class=\"wp-block-video\"><video height=\"1280\" style=\"aspect-ratio: 720 \/ 1280;\" width=\"720\" controls src=\"https:\/\/samuelcaderon.com\/wp-content\/uploads\/2024\/11\/gira-por-Espana.mp4\"><\/video><\/figure>\n\n\n\n<p>Adem\u00e1s de encantar a la audiencia, Samuel aprovech\u00f3 su estad\u00eda en Europa para el rodaje de su pr\u00f3ximo videoclip. Con la ic\u00f3nica Sagrada Familia como testigo, film\u00f3 en la majestuosa Barcelona con la producci\u00f3n a cargo del talentoso \u201cTyger\u201d, prometiendo que este material ser\u00e1 un verdadero espect\u00e1culo visual y estar\u00e1 disponible muy pronto en YouTube. Tambi\u00e9n, en un gesto de cercan\u00eda con su gente, visit\u00f3 el restaurante centroamericano \u201cBar La Andaluza\u201d en Madrid, donde fue recibido con los brazos abiertos y concedi\u00f3 una entrevista especial para &#8220;ZonaKatracha&#8221;.<\/p>\n\n\n\n<figure class=\"wp-block-image size-large\"><img loading=\"lazy\" decoding=\"async\" width=\"819\" height=\"1024\" src=\"https:\/\/samuelcaderon.com\/wp-content\/uploads\/2024\/11\/IMG_6773-819x1024.jpg\" alt=\"\" class=\"wp-image-66\" srcset=\"https:\/\/samuelcaderon.com\/wp-content\/uploads\/2024\/11\/IMG_6773-819x1024.jpg 819w, https:\/\/samuelcaderon.com\/wp-content\/uploads\/2024\/11\/IMG_6773-240x300.jpg 240w, https:\/\/samuelcaderon.com\/wp-content\/uploads\/2024\/11\/IMG_6773-768x960.jpg 768w, https:\/\/samuelcaderon.com\/wp-content\/uploads\/2024\/11\/IMG_6773-1229x1536.jpg 1229w, https:\/\/samuelcaderon.com\/wp-content\/uploads\/2024\/11\/IMG_6773.jpg 1638w\" sizes=\"auto, (max-width: 819px) 100vw, 819px\" \/><\/figure>\n\n\n\n<p>\u00a1Sin duda, Samuel Calder\u00f3n est\u00e1 marcando huella en el coraz\u00f3n de Europa, representando a los hondure\u00f1os con arte y alma!<\/p>\n\n\n\n<figure class=\"wp-block-image size-large\"><img loading=\"lazy\" decoding=\"async\" width=\"819\" height=\"1024\" src=\"https:\/\/samuelcaderon.com\/wp-content\/uploads\/2024\/11\/IMG_6776-819x1024.jpg\" alt=\"\" class=\"wp-image-67\" srcset=\"https:\/\/samuelcaderon.com\/wp-content\/uploads\/2024\/11\/IMG_6776-819x1024.jpg 819w, https:\/\/samuelcaderon.com\/wp-content\/uploads\/2024\/11\/IMG_6776-240x300.jpg 240w, https:\/\/samuelcaderon.com\/wp-content\/uploads\/2024\/11\/IMG_6776-768x960.jpg 768w, https:\/\/samuelcaderon.com\/wp-content\/uploads\/2024\/11\/IMG_6776-1229x1536.jpg 1229w, https:\/\/samuelcaderon.com\/wp-content\/uploads\/2024\/11\/IMG_6776.jpg 1638w\" sizes=\"auto, (max-width: 819px) 100vw, 819px\" \/><\/figure>\n","protected":false},"excerpt":{"rendered":"<p>El talento hondure\u00f1o sigue cruzando fronteras, y esta vez fue el carism\u00e1tico cantante Samuel Calder\u00f3n quien se adue\u00f1\u00f3 de escenarios en diversas ciudades europeas durante [&hellip;]<\/p>\n","protected":false},"author":1,"featured_media":67,"comment_status":"open","ping_status":"open","sticky":false,"template":"","format":"standard","meta":{"footnotes":""},"categories":[4,5,3],"tags":[6,7,9],"class_list":["post-64","post","type-post","status-publish","format-standard","has-post-thumbnail","hentry","category-catrachos-por-el-mundo","category-honduras-en-el-mundo","category-musica","tag-honduras","tag-musica","tag-samuel-calderon"],"_links":{"self":[{"href":"https:\/\/samuelcaderon.com\/index.php?rest_route=\/wp\/v2\/posts\/64","targetHints":{"allow":["GET"]}}],"collection":[{"href":"https:\/\/samuelcaderon.com\/index.php?rest_route=\/wp\/v2\/posts"}],"about":[{"href":"https:\/\/samuelcaderon.com\/index.php?rest_route=\/wp\/v2\/types\/post"}],"author":[{"embeddable":true,"href":"https:\/\/samuelcaderon.com\/index.php?rest_route=\/wp\/v2\/users\/1"}],"replies":[{"embeddable":true,"href":"https:\/\/samuelcaderon.com\/index.php?rest_route=%2Fwp%2Fv2%2Fcomments&post=64"}],"version-history":[{"count":1,"href":"https:\/\/samuelcaderon.com\/index.php?rest_route=\/wp\/v2\/posts\/64\/revisions"}],"predecessor-version":[{"id":69,"href":"https:\/\/samuelcaderon.com\/index.php?rest_route=\/wp\/v2\/posts\/64\/revisions\/69"}],"wp:featuredmedia":[{"embeddable":true,"href":"https:\/\/samuelcaderon.com\/index.php?rest_route=\/wp\/v2\/media\/67"}],"wp:attachment":[{"href":"https:\/\/samuelcaderon.com\/index.php?rest_route=%2Fwp%2Fv2%2Fmedia&parent=64"}],"wp:term":[{"taxonomy":"category","embeddable":true,"href":"https:\/\/samuelcaderon.com\/index.php?rest_route=%2Fwp%2Fv2%2Fcategories&post=64"},{"taxonomy":"post_tag","embeddable":true,"href":"https:\/\/samuelcaderon.com\/index.php?rest_route=%2Fwp%2Fv2%2Ftags&post=64"}],"curies":[{"name":"wp","href":"https:\/\/api.w.org\/{rel}","templated":true}]}}