{"id":60,"date":"2024-09-26T03:24:06","date_gmt":"2024-09-26T03:24:06","guid":{"rendered":"https:\/\/samuelcaderon.com\/?p=60"},"modified":"2024-09-26T03:24:51","modified_gmt":"2024-09-26T03:24:51","slug":"samuel-calderon-te-rompe-el-corazon-con-honestidad-no-te-enamores","status":"publish","type":"post","link":"https:\/\/samuelcaderon.com\/?p=60","title":{"rendered":"Samuel Calder\u00f3n te rompe el coraz\u00f3n con honestidad: &#8220;No Te Enamores&#8221;"},"content":{"rendered":"\n<p>El cantante hondure\u00f1o Samuel Calder\u00f3n, una de las promesas del pop latino, est\u00e1 listo para sorprender a sus seguidores con el lanzamiento de su nuevo video musical <em>&#8220;No Te Enamores&#8221;<\/em>, que se estrena ma\u00f1ana, 26 de septiembre, en su canal de YouTube. Esta balada pop, que mezcla sensualidad con una dosis de realismo, lleva a sus oyentes por una monta\u00f1a rusa emocional.<\/p>\n\n\n\n<figure class=\"wp-block-image size-large\"><img loading=\"lazy\" decoding=\"async\" width=\"1024\" height=\"576\" src=\"https:\/\/samuelcaderon.com\/wp-content\/uploads\/2024\/09\/FOTO4-1024x576.jpg\" alt=\"\" class=\"wp-image-61\" srcset=\"https:\/\/samuelcaderon.com\/wp-content\/uploads\/2024\/09\/FOTO4-1024x576.jpg 1024w, https:\/\/samuelcaderon.com\/wp-content\/uploads\/2024\/09\/FOTO4-300x169.jpg 300w, https:\/\/samuelcaderon.com\/wp-content\/uploads\/2024\/09\/FOTO4-768x432.jpg 768w, https:\/\/samuelcaderon.com\/wp-content\/uploads\/2024\/09\/FOTO4-1536x864.jpg 1536w, https:\/\/samuelcaderon.com\/wp-content\/uploads\/2024\/09\/FOTO4.jpg 2048w\" sizes=\"auto, (max-width: 1024px) 100vw, 1024px\" \/><\/figure>\n\n\n\n<p>Con una letra que desarma a su amada, Calder\u00f3n le advierte que no se enamore de \u00e9l, pues no es el hombre que ella cree. Es un llamado a la precauci\u00f3n en medio de un clima de romance y pasi\u00f3n. El cantante confiesa en la canci\u00f3n que, aunque pueda parecer el indicado, su verdadero yo podr\u00eda no ser lo que ella espera. Esto convierte a <em>&#8220;No Te Enamores&#8221;<\/em> en una canci\u00f3n cargada de honestidad, pero tambi\u00e9n de seducci\u00f3n, que invita a cuestionar las relaciones en las que las ilusiones pueden chocar con la realidad.<\/p>\n\n\n\n<p>La balada no solo destaca por su letra, sino tambi\u00e9n por una producci\u00f3n musical que mezcla lo mejor del pop moderno con melod\u00edas rom\u00e1nticas. Calder\u00f3n, quien ha ido ganando un lugar en la escena musical de Honduras y Latinoam\u00e9rica, demuestra en esta canci\u00f3n una madurez art\u00edstica que refleja sus experiencias de vida. Su capacidad de hablar directamente al coraz\u00f3n de sus oyentes, con un toque de misterio y pasi\u00f3n, hace de <em>&#8220;No Te Enamores&#8221;<\/em> una pieza que seguramente resonar\u00e1 en miles de personas.<\/p>\n\n\n\n<p class=\"has-brown-color has-orange-background-color has-text-color has-background has-link-color has-larger-font-size wp-elements-0a8595af22ed4ea0a3d52d4f71930e39\">El video musical, rodado con una est\u00e9tica visual moderna, promete ser tan emotivo y atrapante como la canci\u00f3n misma. Calder\u00f3n aparece en escenas \u00edntimas, rodeado de luces tenues que acent\u00faan la vulnerabilidad del mensaje: &#8220;No soy quien crees que soy, pero aqu\u00ed estoy&#8221;.<\/p>\n\n\n\n<figure class=\"wp-block-embed is-provider-youtube wp-block-embed-youtube\"><div class=\"wp-block-embed__wrapper\">\nhttps:\/\/www.youtube.com\/watch?v=R1c1fwX3ymE\n<\/div><\/figure>\n","protected":false},"excerpt":{"rendered":"<p>El cantante hondure\u00f1o Samuel Calder\u00f3n, una de las promesas del pop latino, est\u00e1 listo para sorprender a sus seguidores con el lanzamiento de su nuevo [&hellip;]<\/p>\n","protected":false},"author":1,"featured_media":61,"comment_status":"open","ping_status":"open","sticky":false,"template":"","format":"standard","meta":{"footnotes":""},"categories":[4,5,3],"tags":[12,8,6,7,10,9],"class_list":["post-60","post","type-post","status-publish","format-standard","has-post-thumbnail","hentry","category-catrachos-por-el-mundo","category-honduras-en-el-mundo","category-musica","tag-artistas-emergentes","tag-catrachos","tag-honduras","tag-musica","tag-musica-catracha","tag-samuel-calderon"],"_links":{"self":[{"href":"https:\/\/samuelcaderon.com\/index.php?rest_route=\/wp\/v2\/posts\/60","targetHints":{"allow":["GET"]}}],"collection":[{"href":"https:\/\/samuelcaderon.com\/index.php?rest_route=\/wp\/v2\/posts"}],"about":[{"href":"https:\/\/samuelcaderon.com\/index.php?rest_route=\/wp\/v2\/types\/post"}],"author":[{"embeddable":true,"href":"https:\/\/samuelcaderon.com\/index.php?rest_route=\/wp\/v2\/users\/1"}],"replies":[{"embeddable":true,"href":"https:\/\/samuelcaderon.com\/index.php?rest_route=%2Fwp%2Fv2%2Fcomments&post=60"}],"version-history":[{"count":1,"href":"https:\/\/samuelcaderon.com\/index.php?rest_route=\/wp\/v2\/posts\/60\/revisions"}],"predecessor-version":[{"id":62,"href":"https:\/\/samuelcaderon.com\/index.php?rest_route=\/wp\/v2\/posts\/60\/revisions\/62"}],"wp:featuredmedia":[{"embeddable":true,"href":"https:\/\/samuelcaderon.com\/index.php?rest_route=\/wp\/v2\/media\/61"}],"wp:attachment":[{"href":"https:\/\/samuelcaderon.com\/index.php?rest_route=%2Fwp%2Fv2%2Fmedia&parent=60"}],"wp:term":[{"taxonomy":"category","embeddable":true,"href":"https:\/\/samuelcaderon.com\/index.php?rest_route=%2Fwp%2Fv2%2Fcategories&post=60"},{"taxonomy":"post_tag","embeddable":true,"href":"https:\/\/samuelcaderon.com\/index.php?rest_route=%2Fwp%2Fv2%2Ftags&post=60"}],"curies":[{"name":"wp","href":"https:\/\/api.w.org\/{rel}","templated":true}]}}