{"id":55,"date":"2024-09-19T04:43:54","date_gmt":"2024-09-19T04:43:54","guid":{"rendered":"https:\/\/samuelcaderon.com\/?p=55"},"modified":"2024-09-19T04:43:54","modified_gmt":"2024-09-19T04:43:54","slug":"samuel-calderon-entre-gigantes-el-cantante-hondureno-brilla-en-europa-junto-a-artistas-de-renombre","status":"publish","type":"post","link":"https:\/\/samuelcaderon.com\/?p=55","title":{"rendered":"Samuel Calder\u00f3n entre gigantes: El cantante hondure\u00f1o brilla en Europa junto a artistas de renombre"},"content":{"rendered":"\n<p>El talento hondure\u00f1o sigue abri\u00e9ndose paso a nivel internacional, y Samuel Calder\u00f3n es un claro ejemplo de ello. Este emergente cantante de baladas pop se prepara para dos grandes presentaciones en Espa\u00f1a, que prometen marcar un hito en su carrera.<\/p>\n\n\n\n<p class=\"has-yellow-color has-brown-background-color has-text-color has-background has-link-color wp-elements-467c77f16f56bdfe4941bcc3d0be5d5b\">Calder\u00f3n compartir\u00e1 escenario con reconocidos grupos como Grupo Bryndis, Amar Azul, Jayac, Jambao y Antolog\u00eda en el festival &#8220;Soy Latino&#8221; que se llevar\u00e1 a cabo el s\u00e1bado 12 de octubre en Madrid y el domingo 13 de octubre en Barcelona. Estos conciertos no solo resaltan la relevancia del artista hondure\u00f1o, sino que lo colocan en un evento de gran magnitud, compartiendo tarima con leyendas de la m\u00fasica latina.<\/p>\n\n\n\n<figure class=\"wp-block-image size-large\"><img loading=\"lazy\" decoding=\"async\" width=\"819\" height=\"1024\" src=\"https:\/\/samuelcaderon.com\/wp-content\/uploads\/2024\/09\/festival-3-1-819x1024.jpg\" alt=\"\" class=\"wp-image-56\" srcset=\"https:\/\/samuelcaderon.com\/wp-content\/uploads\/2024\/09\/festival-3-1-819x1024.jpg 819w, https:\/\/samuelcaderon.com\/wp-content\/uploads\/2024\/09\/festival-3-1-240x300.jpg 240w, https:\/\/samuelcaderon.com\/wp-content\/uploads\/2024\/09\/festival-3-1-768x960.jpg 768w, https:\/\/samuelcaderon.com\/wp-content\/uploads\/2024\/09\/festival-3-1.jpg 1080w\" sizes=\"auto, (max-width: 819px) 100vw, 819px\" \/><\/figure>\n\n\n\n<p>Con su estilo propio y emotivo, Calder\u00f3n defender\u00e1 su repertorio frente a audiencias de dos de las ciudades m\u00e1s importantes de Europa, consolidando su presencia en el \u00e1mbito internacional y demostrando que el talento hondure\u00f1o puede brillar en cualquier rinc\u00f3n del mundo. Sin duda, estar al lado de artistas de renombre internacional le da una proyecci\u00f3n \u00fanica y lo sit\u00faa como una promesa musical a seguir de cerca.<\/p>\n\n\n\n<p>Estas presentaciones no solo son un logro para Samuel, sino un orgullo para toda Honduras, que lo ver\u00e1 representar su cultura y m\u00fasica a nivel global.<\/p>\n\n\n\n<figure class=\"wp-block-image size-large\"><img loading=\"lazy\" decoding=\"async\" width=\"682\" height=\"1024\" src=\"https:\/\/samuelcaderon.com\/wp-content\/uploads\/2024\/09\/foto10-682x1024.jpg\" alt=\"\" class=\"wp-image-57\" srcset=\"https:\/\/samuelcaderon.com\/wp-content\/uploads\/2024\/09\/foto10-682x1024.jpg 682w, https:\/\/samuelcaderon.com\/wp-content\/uploads\/2024\/09\/foto10-200x300.jpg 200w, https:\/\/samuelcaderon.com\/wp-content\/uploads\/2024\/09\/foto10-768x1153.jpg 768w, https:\/\/samuelcaderon.com\/wp-content\/uploads\/2024\/09\/foto10-1023x1536.jpg 1023w, https:\/\/samuelcaderon.com\/wp-content\/uploads\/2024\/09\/foto10.jpg 1066w\" sizes=\"auto, (max-width: 682px) 100vw, 682px\" \/><\/figure>\n\n\n\n<p><\/p>\n","protected":false},"excerpt":{"rendered":"<p>El talento hondure\u00f1o sigue abri\u00e9ndose paso a nivel internacional, y Samuel Calder\u00f3n es un claro ejemplo de ello. Este emergente cantante de baladas pop se [&hellip;]<\/p>\n","protected":false},"author":1,"featured_media":56,"comment_status":"open","ping_status":"open","sticky":false,"template":"","format":"standard","meta":{"footnotes":""},"categories":[4,5,3],"tags":[12,10,11,9],"class_list":["post-55","post","type-post","status-publish","format-standard","has-post-thumbnail","hentry","category-catrachos-por-el-mundo","category-honduras-en-el-mundo","category-musica","tag-artistas-emergentes","tag-musica-catracha","tag-musica-romantica","tag-samuel-calderon"],"_links":{"self":[{"href":"https:\/\/samuelcaderon.com\/index.php?rest_route=\/wp\/v2\/posts\/55","targetHints":{"allow":["GET"]}}],"collection":[{"href":"https:\/\/samuelcaderon.com\/index.php?rest_route=\/wp\/v2\/posts"}],"about":[{"href":"https:\/\/samuelcaderon.com\/index.php?rest_route=\/wp\/v2\/types\/post"}],"author":[{"embeddable":true,"href":"https:\/\/samuelcaderon.com\/index.php?rest_route=\/wp\/v2\/users\/1"}],"replies":[{"embeddable":true,"href":"https:\/\/samuelcaderon.com\/index.php?rest_route=%2Fwp%2Fv2%2Fcomments&post=55"}],"version-history":[{"count":1,"href":"https:\/\/samuelcaderon.com\/index.php?rest_route=\/wp\/v2\/posts\/55\/revisions"}],"predecessor-version":[{"id":58,"href":"https:\/\/samuelcaderon.com\/index.php?rest_route=\/wp\/v2\/posts\/55\/revisions\/58"}],"wp:featuredmedia":[{"embeddable":true,"href":"https:\/\/samuelcaderon.com\/index.php?rest_route=\/wp\/v2\/media\/56"}],"wp:attachment":[{"href":"https:\/\/samuelcaderon.com\/index.php?rest_route=%2Fwp%2Fv2%2Fmedia&parent=55"}],"wp:term":[{"taxonomy":"category","embeddable":true,"href":"https:\/\/samuelcaderon.com\/index.php?rest_route=%2Fwp%2Fv2%2Fcategories&post=55"},{"taxonomy":"post_tag","embeddable":true,"href":"https:\/\/samuelcaderon.com\/index.php?rest_route=%2Fwp%2Fv2%2Ftags&post=55"}],"curies":[{"name":"wp","href":"https:\/\/api.w.org\/{rel}","templated":true}]}}