{"id":49,"date":"2024-09-12T17:06:49","date_gmt":"2024-09-12T17:06:49","guid":{"rendered":"https:\/\/samuelcaderon.com\/?p=49"},"modified":"2024-09-12T17:13:09","modified_gmt":"2024-09-12T17:13:09","slug":"samuel-calderon-lleva-el-orgullo-hondureno-a-europa-primera-parada-festival-soy-latino-en-madrid","status":"publish","type":"post","link":"https:\/\/samuelcaderon.com\/?p=49","title":{"rendered":"Samuel Calder\u00f3n Lleva el Orgullo Hondure\u00f1o a Europa: Primera Parada, Festival Soy Latino en Madrid"},"content":{"rendered":"\n<figure class=\"wp-block-image size-large\"><img loading=\"lazy\" decoding=\"async\" width=\"819\" height=\"1024\" src=\"https:\/\/samuelcaderon.com\/wp-content\/uploads\/2024\/09\/festival--819x1024.jpg\" alt=\"\" class=\"wp-image-50\" srcset=\"https:\/\/samuelcaderon.com\/wp-content\/uploads\/2024\/09\/festival--819x1024.jpg 819w, https:\/\/samuelcaderon.com\/wp-content\/uploads\/2024\/09\/festival--240x300.jpg 240w, https:\/\/samuelcaderon.com\/wp-content\/uploads\/2024\/09\/festival--768x960.jpg 768w, https:\/\/samuelcaderon.com\/wp-content\/uploads\/2024\/09\/festival-.jpg 1080w\" sizes=\"auto, (max-width: 819px) 100vw, 819px\" \/><\/figure>\n\n\n\n<p>Samuel Calder\u00f3n Lleva el Orgullo Hondure\u00f1o a Europa en Su Segunda Gira Musical<\/p>\n\n\n\n<p>El talento hondure\u00f1o sigue conquistando fronteras, y esta vez, Samuel Calder\u00f3n se prepara para llevar su m\u00fasica al otro lado del Atl\u00e1ntico. El artista se encuentra en su segunda gira musical en Europa, con una serie de presentaciones que lo consolidar\u00e1n como uno de los grandes exponentes de la m\u00fasica hondure\u00f1a a nivel internacional.<\/p>\n\n\n\n<p>El pr\u00f3ximo s\u00e1bado 12 de octubre, Calder\u00f3n har\u00e1 su debut europeo en el prestigioso <strong>Festival Soy Latino en Madrid<\/strong>, un evento que re\u00fane a lo mejor de la m\u00fasica latina. Esta ser\u00e1 su primera presentaci\u00f3n en Europa, y la emoci\u00f3n no podr\u00eda ser mayor. &#8220;Es un honor representar a Honduras en un evento tan importante. Llevar\u00e9 el calor y la pasi\u00f3n de nuestra m\u00fasica a cada rinc\u00f3n de Europa,&#8221; coment\u00f3 el artista en una reciente entrevista.<\/p>\n\n\n\n<figure class=\"wp-block-image size-large\"><img loading=\"lazy\" decoding=\"async\" width=\"696\" height=\"1024\" src=\"https:\/\/samuelcaderon.com\/wp-content\/uploads\/2024\/09\/festival-2-696x1024.jpg\" alt=\"\" class=\"wp-image-51\" srcset=\"https:\/\/samuelcaderon.com\/wp-content\/uploads\/2024\/09\/festival-2-696x1024.jpg 696w, https:\/\/samuelcaderon.com\/wp-content\/uploads\/2024\/09\/festival-2-204x300.jpg 204w, https:\/\/samuelcaderon.com\/wp-content\/uploads\/2024\/09\/festival-2-768x1129.jpg 768w, https:\/\/samuelcaderon.com\/wp-content\/uploads\/2024\/09\/festival-2-1044x1536.jpg 1044w, https:\/\/samuelcaderon.com\/wp-content\/uploads\/2024\/09\/festival-2.jpg 1088w\" sizes=\"auto, (max-width: 696px) 100vw, 696px\" \/><\/figure>\n\n\n\n<p class=\"has-black-color has-yellow-background-color has-text-color has-background has-link-color wp-elements-46e320430355e9d3183bca4466e09ca7\">Pero Madrid no ser\u00e1 su \u00fanica parada. Calder\u00f3n tambi\u00e9n se presentar\u00e1 en <strong>Barcelona<\/strong>, donde compartir\u00e1 escenario con gigantes de la m\u00fasica como Grupo Bryndis, Amar Azul, Jayac, Antolog\u00eda y Jambao. Esta oportunidad le permitir\u00e1 no solo mostrar su talento, sino tambi\u00e9n conectar con un p\u00fablico diverso que est\u00e1 ansioso por conocer m\u00e1s de la riqueza musical de Honduras.<\/p>\n\n\n\n<p>Samuel Calder\u00f3n, conocido por su estilo \u00fanico y letras que tocan el alma, se ha convertido en un embajador cultural para su pa\u00eds, y esta gira es una muestra m\u00e1s de su compromiso con llevar la m\u00fasica hondure\u00f1a a lo m\u00e1s alto.<\/p>\n\n\n\n<p>Su canci\u00f3n &#8220;Mi Norte&#8221;, que defendi\u00f3 en el Festival Nacional de la Canci\u00f3n en Honduras, ya est\u00e1 resonando en plataformas digitales a nivel mundial, y esta gira promete seguir abriendo puertas para el talentoso artista. Con cada acorde y cada verso, Samuel Calder\u00f3n sigue demostrando que la m\u00fasica hondure\u00f1a tiene un lugar especial en el escenario global.<\/p>\n\n\n\n<p>Este viaje por Europa es solo el comienzo de una nueva etapa en su carrera, y sin duda, Samuel Calder\u00f3n continuar\u00e1 dejando huella en cada lugar donde su m\u00fasica sea escuchada.<\/p>\n\n\n\n<figure class=\"wp-block-image size-large\"><img loading=\"lazy\" decoding=\"async\" width=\"819\" height=\"1024\" src=\"https:\/\/samuelcaderon.com\/wp-content\/uploads\/2024\/09\/festival-3-819x1024.jpg\" alt=\"\" class=\"wp-image-52\" srcset=\"https:\/\/samuelcaderon.com\/wp-content\/uploads\/2024\/09\/festival-3-819x1024.jpg 819w, https:\/\/samuelcaderon.com\/wp-content\/uploads\/2024\/09\/festival-3-240x300.jpg 240w, https:\/\/samuelcaderon.com\/wp-content\/uploads\/2024\/09\/festival-3-768x960.jpg 768w, https:\/\/samuelcaderon.com\/wp-content\/uploads\/2024\/09\/festival-3.jpg 1080w\" sizes=\"auto, (max-width: 819px) 100vw, 819px\" \/><\/figure>\n","protected":false},"excerpt":{"rendered":"<p>Samuel Calder\u00f3n Lleva el Orgullo Hondure\u00f1o a Europa en Su Segunda Gira Musical El talento hondure\u00f1o sigue conquistando fronteras, y esta vez, Samuel Calder\u00f3n se [&hellip;]<\/p>\n","protected":false},"author":1,"featured_media":50,"comment_status":"open","ping_status":"open","sticky":false,"template":"","format":"standard","meta":{"footnotes":""},"categories":[4,5,3],"tags":[8,6,7,9],"class_list":["post-49","post","type-post","status-publish","format-standard","has-post-thumbnail","hentry","category-catrachos-por-el-mundo","category-honduras-en-el-mundo","category-musica","tag-catrachos","tag-honduras","tag-musica","tag-samuel-calderon"],"_links":{"self":[{"href":"https:\/\/samuelcaderon.com\/index.php?rest_route=\/wp\/v2\/posts\/49","targetHints":{"allow":["GET"]}}],"collection":[{"href":"https:\/\/samuelcaderon.com\/index.php?rest_route=\/wp\/v2\/posts"}],"about":[{"href":"https:\/\/samuelcaderon.com\/index.php?rest_route=\/wp\/v2\/types\/post"}],"author":[{"embeddable":true,"href":"https:\/\/samuelcaderon.com\/index.php?rest_route=\/wp\/v2\/users\/1"}],"replies":[{"embeddable":true,"href":"https:\/\/samuelcaderon.com\/index.php?rest_route=%2Fwp%2Fv2%2Fcomments&post=49"}],"version-history":[{"count":1,"href":"https:\/\/samuelcaderon.com\/index.php?rest_route=\/wp\/v2\/posts\/49\/revisions"}],"predecessor-version":[{"id":53,"href":"https:\/\/samuelcaderon.com\/index.php?rest_route=\/wp\/v2\/posts\/49\/revisions\/53"}],"wp:featuredmedia":[{"embeddable":true,"href":"https:\/\/samuelcaderon.com\/index.php?rest_route=\/wp\/v2\/media\/50"}],"wp:attachment":[{"href":"https:\/\/samuelcaderon.com\/index.php?rest_route=%2Fwp%2Fv2%2Fmedia&parent=49"}],"wp:term":[{"taxonomy":"category","embeddable":true,"href":"https:\/\/samuelcaderon.com\/index.php?rest_route=%2Fwp%2Fv2%2Fcategories&post=49"},{"taxonomy":"post_tag","embeddable":true,"href":"https:\/\/samuelcaderon.com\/index.php?rest_route=%2Fwp%2Fv2%2Ftags&post=49"}],"curies":[{"name":"wp","href":"https:\/\/api.w.org\/{rel}","templated":true}]}}