{"id":44,"date":"2024-09-10T17:24:43","date_gmt":"2024-09-10T17:24:43","guid":{"rendered":"https:\/\/samuelcaderon.com\/?p=44"},"modified":"2024-09-10T17:24:43","modified_gmt":"2024-09-10T17:24:43","slug":"samuel-calderon-un-cantante-que-brilla-en-el-festival-nacional-de-la-cancion","status":"publish","type":"post","link":"https:\/\/samuelcaderon.com\/?p=44","title":{"rendered":"Samuel Calder\u00f3n: Un Cantante que Brilla en el Festival Nacional de la Canci\u00f3n"},"content":{"rendered":"\n<p>El talento hondure\u00f1o contin\u00faa destacando, y Samuel Calder\u00f3n es prueba de ello. Recientemente, este joven cantautor se present\u00f3 como uno de los 10 finalistas de entre 84 compositores y cantantes en la tercera edici\u00f3n del Festival Nacional de la Canci\u00f3n, celebrado en el Teatro Manuel Bonilla de Tegucigalpa. Con su emotiva canci\u00f3n &#8220;Mi Norte&#8221;, Calder\u00f3n cautiv\u00f3 a la audiencia y al jurado, logrando una destacada participaci\u00f3n.<\/p>\n\n\n\n<figure class=\"wp-block-image size-large\"><img loading=\"lazy\" decoding=\"async\" width=\"918\" height=\"1024\" src=\"https:\/\/samuelcaderon.com\/wp-content\/uploads\/2024\/09\/foto22-1-918x1024.jpg\" alt=\"\" class=\"wp-image-45\" srcset=\"https:\/\/samuelcaderon.com\/wp-content\/uploads\/2024\/09\/foto22-1-918x1024.jpg 918w, https:\/\/samuelcaderon.com\/wp-content\/uploads\/2024\/09\/foto22-1-269x300.jpg 269w, https:\/\/samuelcaderon.com\/wp-content\/uploads\/2024\/09\/foto22-1-768x857.jpg 768w, https:\/\/samuelcaderon.com\/wp-content\/uploads\/2024\/09\/foto22-1-1377x1536.jpg 1377w, https:\/\/samuelcaderon.com\/wp-content\/uploads\/2024\/09\/foto22-1.jpg 1434w\" sizes=\"auto, (max-width: 918px) 100vw, 918px\" \/><\/figure>\n\n\n\n<p>En una entrevista posterior al festival, Samuel comparti\u00f3 que este evento lleg\u00f3 en un momento crucial para su carrera. Despu\u00e9s de una pausa musical, la inspiraci\u00f3n lo visit\u00f3 para crear una de sus mejores composiciones. Aunque &#8220;Mi Norte&#8221; no fue la canci\u00f3n ganadora, su repercusi\u00f3n en plataformas digitales ha sido notable, siendo una de las m\u00e1s escuchadas tanto en Latinoam\u00e9rica como en Europa.<\/p>\n\n\n\n<p>Calder\u00f3n tambi\u00e9n habl\u00f3 sobre el reto que signific\u00f3 para \u00e9l enfrentarse a un escenario tan exigente y elegante, describi\u00e9ndolo como una experiencia \u00fanica en su carrera. A pesar de los nervios iniciales, logr\u00f3 superar la tensi\u00f3n y disfrutar del momento, dejando una impresi\u00f3n duradera en todos los presentes.<\/p>\n\n\n\n<p class=\"has-black-color has-yellow-background-color has-text-color has-background has-link-color wp-elements-1c6af22cf1d9d54b25c02d29c4d511ce\">Con &#8220;Mi Norte&#8221;, Samuel Calder\u00f3n ha demostrado que el \u00e9xito no siempre se mide en premios, sino en la conexi\u00f3n que se logra con el p\u00fablico. Su historia es un testimonio de perseverancia y talento, que seguramente seguir\u00e1 brillando en la escena musical hondure\u00f1a y m\u00e1s all\u00e1.<\/p>\n\n\n\n<figure class=\"wp-block-image size-large\"><img loading=\"lazy\" decoding=\"async\" width=\"1024\" height=\"1024\" src=\"https:\/\/samuelcaderon.com\/wp-content\/uploads\/2024\/09\/Portada-spotify-mi-norte-1-1024x1024.jpg\" alt=\"\" class=\"wp-image-46\" srcset=\"https:\/\/samuelcaderon.com\/wp-content\/uploads\/2024\/09\/Portada-spotify-mi-norte-1-1024x1024.jpg 1024w, https:\/\/samuelcaderon.com\/wp-content\/uploads\/2024\/09\/Portada-spotify-mi-norte-1-300x300.jpg 300w, https:\/\/samuelcaderon.com\/wp-content\/uploads\/2024\/09\/Portada-spotify-mi-norte-1-150x150.jpg 150w, https:\/\/samuelcaderon.com\/wp-content\/uploads\/2024\/09\/Portada-spotify-mi-norte-1-768x768.jpg 768w, https:\/\/samuelcaderon.com\/wp-content\/uploads\/2024\/09\/Portada-spotify-mi-norte-1.jpg 1350w\" sizes=\"auto, (max-width: 1024px) 100vw, 1024px\" \/><\/figure>\n\n\n\n<p><\/p>\n\n\n\n<p class=\"has-black-color has-yellow-background-color has-text-color has-background has-link-color wp-elements-8bb80749d94207824a8e879a76e96fd2\">\u00bfQu\u00e9 crees que destac\u00f3 de &#8220;Mi Norte&#8221; para llevarte a ser uno de los 10 finalistas?<\/p>\n\n\n\n<p>Fue especial por el momento en el que estaba pasando. Hab\u00eda una pausa musical en mi carrera. Yo ya no estaba escribiendo nada, la inspiraci\u00f3n lleg\u00f3 justo en ese momento y aprovech\u00e9 para componer una de mis mejores canciones hasta el momento.<\/p>\n\n\n\n<p class=\"has-black-color has-yellow-background-color has-text-color has-background has-link-color wp-elements-57739fb1b8155bb2909f58426dc6cc81\">\u00bfQu\u00e9 signific\u00f3 para ti representar tu canci\u00f3n en un escenario tan importante como el Festival Nacional de la Canci\u00f3n?<\/p>\n\n\n\n<p>El logro en s\u00ed, ha sido llegar a un festival patrocinado por una de las empresas televisivas m\u00e1s importantes del pa\u00eds.&nbsp; Sin embargo, desde antes del festival yo ya me he considerado uno de los 10 artistas top del Pa\u00eds \ud83d\ude05. En cuanto a la canci\u00f3n, supongo que se evalu\u00f3 muy bien su composici\u00f3n l\u00edrica y su armon\u00eda musical es realmente muy buena y diferente. Se le dio Con un toque de elegancia y a la vez, algo de pop.<\/p>\n\n\n\n<p class=\"has-brown-color has-yellow-background-color has-text-color has-background has-link-color wp-elements-c1c46a80116042a35edeb4eafbd12625\">Durante el festival, \u00bfQu\u00e9 fue lo m\u00e1s desafiante de la competencia y c\u00f3mo lo superaste?<\/p>\n\n\n\n<p>Mis nervios, eso afectaba mi seguridad al cantar, mis t\u00e9cnicas. Mi desaf\u00edo fue pasar de la tensi\u00f3n a disfrutar el momento Y de alg\u00fan modo lo consegu\u00ed. Un escenario realmente fino y exigente. Debo admitir que aunque he estado en el extranjero en tarima ante m\u00e1s gente, este ha sido lo m\u00e1s elegante e importante en lo que he estado.<\/p>\n\n\n\n<p class=\"has-black-color has-yellow-background-color has-text-color has-background has-link-color wp-elements-8a7caa2e676daef00181ad83d22a6a93\">\u00bfQu\u00e9 impacto esperas que tenga &#8220;Mi Norte&#8221; en quienes la escuchen y qu\u00e9 mensaje te gustar\u00eda que los oyentes se llevaran?<\/p>\n\n\n\n<p>&nbsp;\u2060\u201dMi Norte\u201d a pesar que no fue una d esas canciones ganadoras, es la \u00fanica que est\u00e1 top en las plataformas digitales. Superando las expectativas con creces y so\u00f1ando en varios pa\u00edses de Latinoam\u00e9rica y EUROPA.<\/p>\n\n\n\n<p>\u2060<\/p>\n","protected":false},"excerpt":{"rendered":"<p>El talento hondure\u00f1o contin\u00faa destacando, y Samuel Calder\u00f3n es prueba de ello. Recientemente, este joven cantautor se present\u00f3 como uno de los 10 finalistas de [&hellip;]<\/p>\n","protected":false},"author":1,"featured_media":0,"comment_status":"open","ping_status":"open","sticky":false,"template":"","format":"standard","meta":{"footnotes":""},"categories":[1],"tags":[],"class_list":["post-44","post","type-post","status-publish","format-standard","hentry","category-uncategorized"],"_links":{"self":[{"href":"https:\/\/samuelcaderon.com\/index.php?rest_route=\/wp\/v2\/posts\/44","targetHints":{"allow":["GET"]}}],"collection":[{"href":"https:\/\/samuelcaderon.com\/index.php?rest_route=\/wp\/v2\/posts"}],"about":[{"href":"https:\/\/samuelcaderon.com\/index.php?rest_route=\/wp\/v2\/types\/post"}],"author":[{"embeddable":true,"href":"https:\/\/samuelcaderon.com\/index.php?rest_route=\/wp\/v2\/users\/1"}],"replies":[{"embeddable":true,"href":"https:\/\/samuelcaderon.com\/index.php?rest_route=%2Fwp%2Fv2%2Fcomments&post=44"}],"version-history":[{"count":1,"href":"https:\/\/samuelcaderon.com\/index.php?rest_route=\/wp\/v2\/posts\/44\/revisions"}],"predecessor-version":[{"id":47,"href":"https:\/\/samuelcaderon.com\/index.php?rest_route=\/wp\/v2\/posts\/44\/revisions\/47"}],"wp:attachment":[{"href":"https:\/\/samuelcaderon.com\/index.php?rest_route=%2Fwp%2Fv2%2Fmedia&parent=44"}],"wp:term":[{"taxonomy":"category","embeddable":true,"href":"https:\/\/samuelcaderon.com\/index.php?rest_route=%2Fwp%2Fv2%2Fcategories&post=44"},{"taxonomy":"post_tag","embeddable":true,"href":"https:\/\/samuelcaderon.com\/index.php?rest_route=%2Fwp%2Fv2%2Ftags&post=44"}],"curies":[{"name":"wp","href":"https:\/\/api.w.org\/{rel}","templated":true}]}}