{"id":17,"date":"2024-07-16T01:36:02","date_gmt":"2024-07-16T01:36:02","guid":{"rendered":"https:\/\/samuelcaderon.com\/?p=17"},"modified":"2024-07-16T01:36:02","modified_gmt":"2024-07-16T01:36:02","slug":"samuel-calderon-estrena-su-nuevo-video-clip-eres-de-el-un-triangulo-amoroso-hecho-balada-pop","status":"publish","type":"post","link":"https:\/\/samuelcaderon.com\/?p=17","title":{"rendered":"Samuel Calder\u00f3n Estrena su Nuevo Video Clip &#8220;Eres de \u00c9l&#8221;: Un Tri\u00e1ngulo Amoroso Hecho Balada Pop"},"content":{"rendered":"\n<p>El cantante hondure\u00f1o Samuel Calder\u00f3n vuelve a sorprender a sus seguidores con el estreno de su nuevo video musical titulado &#8220;Eres de \u00c9l&#8221;. Esta canci\u00f3n, una balada pop profundamente rom\u00e1ntica y sentimental, aborda la complejidad de un tri\u00e1ngulo amoroso en el que un hombre decide terminar una relaci\u00f3n prohibida. Con un tono melanc\u00f3lico y emotivo, Calder\u00f3n narra la dolorosa decisi\u00f3n de dejar ir a una mujer bajo el entendimiento de que &#8220;eres de \u00e9l&#8221;.<\/p>\n\n\n\n<p><strong>Una Historia de Amor Prohibido<\/strong><\/p>\n\n\n\n<p>&#8220;Eres de \u00c9l&#8221; se destaca no solo por su letra, que captura la esencia de una despedida amorosa, sino tambi\u00e9n por la interpretaci\u00f3n sincera de Samuel Calder\u00f3n. En la canci\u00f3n, se revela la lucha interna de un hombre que ha estado involucrado en una relaci\u00f3n clandestina. Decidir terminar este v\u00ednculo y aceptar la realidad de que la mujer que ama pertenece a otro, a\u00f1ade una capa de dolor y resignaci\u00f3n que resuena con cualquiera que haya enfrentado una situaci\u00f3n similar.<\/p>\n\n\n\n<p><strong>Un Video Clip que Cautiva<\/strong><\/p>\n\n\n\n<p>El video musical, disponible en YouTube, complementa perfectamente la narrativa de la canci\u00f3n. Con escenarios cuidadosamente seleccionados que enfatizan la soledad y el desamor, Calder\u00f3n consigue transmitir una carga emocional intensa. Las im\u00e1genes y la actuaci\u00f3n del cantante reflejan la decisi\u00f3n final de dejar ir a su amada, resignado pero con dignidad.<\/p>\n\n\n\n<figure class=\"wp-block-image size-large\"><img loading=\"lazy\" decoding=\"async\" width=\"1024\" height=\"576\" src=\"https:\/\/samuelcaderon.com\/wp-content\/uploads\/2024\/07\/Eres-de-el-port-4-1024x576.jpg\" alt=\"\" class=\"wp-image-18\" srcset=\"https:\/\/samuelcaderon.com\/wp-content\/uploads\/2024\/07\/Eres-de-el-port-4-1024x576.jpg 1024w, https:\/\/samuelcaderon.com\/wp-content\/uploads\/2024\/07\/Eres-de-el-port-4-300x169.jpg 300w, https:\/\/samuelcaderon.com\/wp-content\/uploads\/2024\/07\/Eres-de-el-port-4-768x432.jpg 768w, https:\/\/samuelcaderon.com\/wp-content\/uploads\/2024\/07\/Eres-de-el-port-4-1536x864.jpg 1536w, https:\/\/samuelcaderon.com\/wp-content\/uploads\/2024\/07\/Eres-de-el-port-4-860x484.jpg 860w, https:\/\/samuelcaderon.com\/wp-content\/uploads\/2024\/07\/Eres-de-el-port-4.jpg 1920w\" sizes=\"auto, (max-width: 1024px) 100vw, 1024px\" \/><\/figure>\n\n\n\n<p><strong>Trayectoria y \u00c9xito Internacional<\/strong><\/p>\n\n\n\n<p>Samuel Calder\u00f3n, un talento emergente de Honduras, ha estado conquistando corazones no solo en su pa\u00eds natal sino tambi\u00e9n en escenarios internacionales. Sus giras por Europa han demostrado su capacidad para conectar con una audiencia global, y su creciente base de seguidores en plataformas como YouTube y otras redes sociales confirma su popularidad. Con cada lanzamiento, Calder\u00f3n se consolida como una de las promesas m\u00e1s brillantes de la m\u00fasica latina.<\/p>\n\n\n\n<p><strong>Palabras Claves y Hashtags<\/strong><\/p>\n\n\n\n<p>Para los fans y los amantes de la m\u00fasica rom\u00e1ntica, no hay que perderse este nuevo lanzamiento. Aseg\u00farate de seguir a Samuel Calder\u00f3n y disfrutar de &#8220;Eres de \u00c9l&#8221;.<\/p>\n\n\n\n<p><strong>Palabras Claves<\/strong>: Samuel Calder\u00f3n, Eres de \u00c9l, balada pop, tri\u00e1ngulo amoroso, video musical, m\u00fasica rom\u00e1ntica, cantante hondure\u00f1o, \u00e9xito internacional.<\/p>\n\n\n\n<p><strong>Hashtags<\/strong>: #SamuelCalder\u00f3n #EresDe\u00c9l #BaladaPop #M\u00fasicaRom\u00e1ntica #NuevoVideo #Honduras #M\u00fasicaLatina #\u00c9xitoInternacional #AmorProhibido #EstrenoMusical<\/p>\n\n\n\n<hr class=\"wp-block-separator has-alpha-channel-opacity\"\/>\n\n\n\n<p>Con esta combinaci\u00f3n de talento, sensibilidad y autenticidad, Samuel Calder\u00f3n contin\u00faa forjando su camino en la industria musical, tocando los corazones de miles de seguidores con cada una de sus canciones. No te pierdas &#8220;Eres de \u00c9l&#8221; y acompa\u00f1a a este incre\u00edble artista en su viaje musical.<\/p>\n","protected":false},"excerpt":{"rendered":"<p>El cantante hondure\u00f1o Samuel Calder\u00f3n vuelve a sorprender a sus seguidores con el estreno de su nuevo video musical titulado &#8220;Eres de \u00c9l&#8221;. Esta canci\u00f3n, [&hellip;]<\/p>\n","protected":false},"author":1,"featured_media":0,"comment_status":"open","ping_status":"open","sticky":false,"template":"","format":"standard","meta":{"footnotes":""},"categories":[1],"tags":[],"class_list":["post-17","post","type-post","status-publish","format-standard","hentry","category-uncategorized"],"_links":{"self":[{"href":"https:\/\/samuelcaderon.com\/index.php?rest_route=\/wp\/v2\/posts\/17","targetHints":{"allow":["GET"]}}],"collection":[{"href":"https:\/\/samuelcaderon.com\/index.php?rest_route=\/wp\/v2\/posts"}],"about":[{"href":"https:\/\/samuelcaderon.com\/index.php?rest_route=\/wp\/v2\/types\/post"}],"author":[{"embeddable":true,"href":"https:\/\/samuelcaderon.com\/index.php?rest_route=\/wp\/v2\/users\/1"}],"replies":[{"embeddable":true,"href":"https:\/\/samuelcaderon.com\/index.php?rest_route=%2Fwp%2Fv2%2Fcomments&post=17"}],"version-history":[{"count":1,"href":"https:\/\/samuelcaderon.com\/index.php?rest_route=\/wp\/v2\/posts\/17\/revisions"}],"predecessor-version":[{"id":19,"href":"https:\/\/samuelcaderon.com\/index.php?rest_route=\/wp\/v2\/posts\/17\/revisions\/19"}],"wp:attachment":[{"href":"https:\/\/samuelcaderon.com\/index.php?rest_route=%2Fwp%2Fv2%2Fmedia&parent=17"}],"wp:term":[{"taxonomy":"category","embeddable":true,"href":"https:\/\/samuelcaderon.com\/index.php?rest_route=%2Fwp%2Fv2%2Fcategories&post=17"},{"taxonomy":"post_tag","embeddable":true,"href":"https:\/\/samuelcaderon.com\/index.php?rest_route=%2Fwp%2Fv2%2Ftags&post=17"}],"curies":[{"name":"wp","href":"https:\/\/api.w.org\/{rel}","templated":true}]}}