{"id":164,"date":"2026-02-12T04:52:10","date_gmt":"2026-02-12T04:52:10","guid":{"rendered":"https:\/\/samuelcaderon.com\/?p=164"},"modified":"2026-02-12T04:52:10","modified_gmt":"2026-02-12T04:52:10","slug":"despues-de-la-ausencia-vuelve-el-ritmo-samuel-calderon-prepara-un-ep-que-promete-encender-el-2026","status":"publish","type":"post","link":"https:\/\/samuelcaderon.com\/?p=164","title":{"rendered":"Despu\u00e9s de la ausencia, vuelve el ritmo: Samuel Calder\u00f3n prepara un EP que promete encender el 2026"},"content":{"rendered":"\n<p>\u201cTe Ment\u00ed\u201d: la confesi\u00f3n rom\u00e1ntica con la que Samuel Calder\u00f3n marca su gran regreso<\/p>\n\n\n\n<p>Tras un per\u00edodo de ausencia que despert\u00f3 rumores, especulaciones y preguntas en el mundo del espect\u00e1culo, Samuel Calder\u00f3n reaparece con una noticia que promete sacudir la escena musical: est\u00e1 listo para volver.<\/p>\n\n\n\n<p>Lejos de los reflectores y la far\u00e1ndula, el cantante ha estado trabajando en silencio, pero no en pausa. Durante meses, seg\u00fan nos confes\u00f3 en exclusiva, se dedic\u00f3 a pulir cada detalle de un nuevo EP compuesto por seis canciones originales que llevan su sello inconfundible. Un proyecto que, asegura, representa su evoluci\u00f3n art\u00edstica sin perder la esencia que lo convirti\u00f3 en uno de los nombres m\u00e1s atractivos de su generaci\u00f3n.<\/p>\n\n\n\n<p>\u201cNecesitaba ese tiempo para crear sin presi\u00f3n\u201d, comenta con serenidad, dejando claro que su retiro medi\u00e1tico no fue casual, sino estrat\u00e9gico.<\/p>\n\n\n\n<h3 class=\"wp-block-heading\">Un EP con identidad propia<\/h3>\n\n\n\n<p>El verano de 2026 es la fecha marcada para el estreno oficial del EP, que incluir\u00e1 temas con t\u00edtulos tan sugerentes como <strong>\u201cSuave\u201d<\/strong>, <strong>\u201cMinifalda\u201d<\/strong> y <strong>\u201cKizomba, D\u00e9jame\u201d<\/strong>. Solo con escuchar los nombres, queda claro que Calder\u00f3n apuesta por una mezcla de sensualidad, ritmo y frescura.<\/p>\n\n\n\n<p>\u201cSuave\u201d promete convertirse en un himno de cadencia envolvente. \u201cMinifalda\u201d apunta a ser un tema atrevido y pegajoso, mientras que \u201cKizomba, D\u00e9jame\u201d deja entrever una fusi\u00f3n de sonidos internacionales con el estilo caracter\u00edstico que lo define.<\/p>\n\n\n\n<p>Samuel no est\u00e1 improvisando su regreso; est\u00e1 dise\u00f1\u00e1ndolo con precisi\u00f3n.<\/p>\n\n\n\n<h3 class=\"wp-block-heading\">\u201cTe Ment\u00ed\u201d: el primer latido del regreso<\/h3>\n\n\n\n<p>Pero antes del esperado EP, el cantante prepara el lanzamiento de un sencillo rom\u00e1ntico titulado <strong>\u201cTe Ment\u00ed\u201d<\/strong>, una canci\u00f3n que, seg\u00fan adelanta, combina confesi\u00f3n, nostalgia y un estribillo imposible de olvidar.<\/p>\n\n\n\n<p>El tema explora la vulnerabilidad emocional desde una perspectiva honesta. No es solo una canci\u00f3n de amor; es una declaraci\u00f3n que conecta con quienes han tenido que enfrentar verdades inc\u00f3modas en una relaci\u00f3n. Musicalmente, mantiene esa l\u00ednea mel\u00f3dica que caracteriza a Samuel: rom\u00e1ntica, intensa y con un toque moderno que la hace radio-friendly.<\/p>\n\n\n\n<p>Fuentes cercanas al artista aseguran que \u201cTe Ment\u00ed\u201d tiene todos los ingredientes para convertirse en uno de los sencillos m\u00e1s comentados de la temporada.<\/p>\n\n\n\n<h3 class=\"wp-block-heading\">M\u00e1s maduro, m\u00e1s estrat\u00e9gico<\/h3>\n\n\n\n<p>Quienes han seguido la carrera de Calder\u00f3n saben que su estilo siempre ha sido distintivo. Sin embargo, en esta nueva etapa se percibe una madurez art\u00edstica que podr\u00eda marcar un antes y un despu\u00e9s.<\/p>\n\n\n\n<p>No se trata solo de regresar por regresar. Se trata de volver con una propuesta s\u00f3lida, con identidad y con un concepto claro. La industria musical actual es competitiva y ef\u00edmera, pero Samuel parece decidido a recuperar su espacio con m\u00fasica original y aut\u00e9ntica.<\/p>\n\n\n\n<h3 class=\"wp-block-heading\">El regreso que nadie vio venir<\/h3>\n\n\n\n<p>En un mundo donde la sobreexposici\u00f3n es la norma, Samuel Calder\u00f3n eligi\u00f3 el silencio para reinventarse. Ahora, con un EP en camino y un sencillo rom\u00e1ntico listo para conquistar corazones, su retorno no pasa desapercibido.<\/p>\n\n\n\n<p>El verano de 2026 podr\u00eda convertirse en el escenario perfecto para consolidar su nueva etapa. Y si \u201cTe Ment\u00ed\u201d cumple con las expectativas, estaremos frente a uno de los regresos m\u00e1s interesantes del panorama musical.<\/p>\n\n\n\n<p>La pregunta ya no es si Samuel Calder\u00f3n volver\u00e1 a sonar\u2026<br>La verdadera inc\u00f3gnita es qu\u00e9 tan fuerte resonar\u00e1 su nombre cuando lo haga.<\/p>\n\n\n\n<p><\/p>\n","protected":false},"excerpt":{"rendered":"<p>\u201cTe Ment\u00ed\u201d: la confesi\u00f3n rom\u00e1ntica con la que Samuel Calder\u00f3n marca su gran regreso<\/p>\n","protected":false},"author":1,"featured_media":165,"comment_status":"open","ping_status":"open","sticky":false,"template":"","format":"standard","meta":{"footnotes":""},"categories":[4,5,3],"tags":[22,9],"class_list":["post-164","post","type-post","status-publish","format-standard","has-post-thumbnail","hentry","category-catrachos-por-el-mundo","category-honduras-en-el-mundo","category-musica","tag-musica-nueva","tag-samuel-calderon"],"_links":{"self":[{"href":"https:\/\/samuelcaderon.com\/index.php?rest_route=\/wp\/v2\/posts\/164","targetHints":{"allow":["GET"]}}],"collection":[{"href":"https:\/\/samuelcaderon.com\/index.php?rest_route=\/wp\/v2\/posts"}],"about":[{"href":"https:\/\/samuelcaderon.com\/index.php?rest_route=\/wp\/v2\/types\/post"}],"author":[{"embeddable":true,"href":"https:\/\/samuelcaderon.com\/index.php?rest_route=\/wp\/v2\/users\/1"}],"replies":[{"embeddable":true,"href":"https:\/\/samuelcaderon.com\/index.php?rest_route=%2Fwp%2Fv2%2Fcomments&post=164"}],"version-history":[{"count":1,"href":"https:\/\/samuelcaderon.com\/index.php?rest_route=\/wp\/v2\/posts\/164\/revisions"}],"predecessor-version":[{"id":166,"href":"https:\/\/samuelcaderon.com\/index.php?rest_route=\/wp\/v2\/posts\/164\/revisions\/166"}],"wp:featuredmedia":[{"embeddable":true,"href":"https:\/\/samuelcaderon.com\/index.php?rest_route=\/wp\/v2\/media\/165"}],"wp:attachment":[{"href":"https:\/\/samuelcaderon.com\/index.php?rest_route=%2Fwp%2Fv2%2Fmedia&parent=164"}],"wp:term":[{"taxonomy":"category","embeddable":true,"href":"https:\/\/samuelcaderon.com\/index.php?rest_route=%2Fwp%2Fv2%2Fcategories&post=164"},{"taxonomy":"post_tag","embeddable":true,"href":"https:\/\/samuelcaderon.com\/index.php?rest_route=%2Fwp%2Fv2%2Ftags&post=164"}],"curies":[{"name":"wp","href":"https:\/\/api.w.org\/{rel}","templated":true}]}}