{"id":160,"date":"2025-11-26T23:17:37","date_gmt":"2025-11-26T23:17:37","guid":{"rendered":"https:\/\/samuelcaderon.com\/?p=160"},"modified":"2025-11-26T23:19:11","modified_gmt":"2025-11-26T23:19:11","slug":"cuando-el-adios-se-convierte-en-melodia-el-impacto-de-nada-es-para-siempre-de-samuel-calderon","status":"publish","type":"post","link":"https:\/\/samuelcaderon.com\/?p=160","title":{"rendered":"Cuando el adi\u00f3s se convierte en melod\u00eda: el impacto de \u201cNada Es Para Siempre\u201d de Samuel Calder\u00f3n"},"content":{"rendered":"\n<p>Hace pocas semanas, Samuel Calder\u00f3n \u2014orgullo musical de Honduras\u2014 nos entreg\u00f3 una canci\u00f3n que parece escrita por el alma misma: <strong>Nada Es Para Siempre<\/strong>. Con voz cargada de emoci\u00f3n y una atm\u00f3sfera que roza lo nost\u00e1lgico, el artista presenta una balada pop cuya fuerza radica en su honestidad emocional: un relato de amor, despedida y aceptaci\u00f3n del cambio. <\/p>\n\n\n\n<p>La canci\u00f3n abre con un aire melanc\u00f3lico, impregnado de sensibilidad: la interpretaci\u00f3n de Calder\u00f3n envuelve al oyente desde el primer comp\u00e1s, y esa mezcla de vulnerabilidad y verdad logra inmediatamente que el coraz\u00f3n se abra, que las memorias broten. En un mundo en el que la m\u00fasica a veces huye de lo doloroso, \u201cNada Es Para Siempre\u201d se atreve a recordarnos lo inevitable: que incluso lo que amamos con todas nuestras fuerzas puede tener su final.<\/p>\n\n\n\n<figure class=\"wp-block-image size-large\"><img loading=\"lazy\" decoding=\"async\" width=\"1024\" height=\"1024\" src=\"https:\/\/samuelcaderon.com\/wp-content\/uploads\/2025\/11\/IMG_7800-1-1024x1024.jpg\" alt=\"\" class=\"wp-image-161\" srcset=\"https:\/\/samuelcaderon.com\/wp-content\/uploads\/2025\/11\/IMG_7800-1-1024x1024.jpg 1024w, https:\/\/samuelcaderon.com\/wp-content\/uploads\/2025\/11\/IMG_7800-1-300x300.jpg 300w, https:\/\/samuelcaderon.com\/wp-content\/uploads\/2025\/11\/IMG_7800-1-150x150.jpg 150w, https:\/\/samuelcaderon.com\/wp-content\/uploads\/2025\/11\/IMG_7800-1-768x768.jpg 768w, https:\/\/samuelcaderon.com\/wp-content\/uploads\/2025\/11\/IMG_7800-1.jpg 1350w\" sizes=\"auto, (max-width: 1024px) 100vw, 1024px\" \/><\/figure>\n\n\n\n<h2 class=\"wp-block-heading\">Letras que duelen: un canto al ciclo del amor<\/h2>\n\n\n\n<p>Aunque la canci\u00f3n a\u00fan no cuenta con gran cantidad de rese\u00f1as p\u00fablicas ni an\u00e1lisis extensos \u2014al ser una producci\u00f3n reciente\u2014, basta escucharla para captar su mensaje. Se siente el peso de una historia de despedida, de un amor que fue fuerte, pero que reconoce su fin. Es una canci\u00f3n sobre el paso del tiempo, sobre cambios, sobre aceptar que nada es inmutable, por m\u00e1s eterno que parezca. <\/p>\n\n\n\n<p>Esa honestidad resuena en cada nota. Lo que puede doler no es solo la ruptura, sino la conciencia de que muchas veces el final no es dram\u00e1tico, no hay enga\u00f1o fatal, sino simplemente un proceso natural: personas que cambian, caminos que toman rumbos distintos. Calder\u00f3n logra capturar ese matiz con su voz, haciendo de lo cotidiano una confesi\u00f3n \u00edntima.<\/p>\n\n\n\n<h2 class=\"wp-block-heading\">Contexto y relevancia de un sonido hondure\u00f1o<\/h2>\n\n\n\n<p>Lo valioso de \u201cNada Es Para Siempre\u201d es que viene de un artista hondure\u00f1o. En un panorama latino dominado por grandes nombres internacionales, escuchar una propuesta genuina desde Honduras trae consigo una carga simb\u00f3lica importante: es la voz de su gente, de su tierra, con sus nostalgias, sus pasiones, sus realidades. Ese contexto da a la canci\u00f3n una autenticidad que trasciende melod\u00edas: se convierte en representaci\u00f3n.<\/p>\n\n\n\n<p>Adem\u00e1s, su lanzamiento reciente (noviembre 2025) sugiere que estamos frente al inicio de una nueva etapa para Samuel Calder\u00f3n: con un sencillo potente, con temas universales que, sin embargo, conservan ese sabor local. Puede que muchos lo comparen con grandes \u00e9xitos antiguos (aunque hay canciones con t\u00edtulo similar de otros artistas), pero su versi\u00f3n \u2014personal, contempor\u00e1nea y honesta\u2014 tiene su propia identidad.<\/p>\n\n\n\n<figure class=\"wp-block-embed is-type-video is-provider-youtube wp-block-embed-youtube wp-embed-aspect-16-9 wp-has-aspect-ratio\"><div class=\"wp-block-embed__wrapper\">\n<iframe loading=\"lazy\" title=\"Nada Es Para Siempre  - Samuel Calder\u00f3n\" width=\"640\" height=\"360\" src=\"https:\/\/www.youtube.com\/embed\/8dC7PeRWLPM?feature=oembed\" frameborder=\"0\" allow=\"accelerometer; autoplay; clipboard-write; encrypted-media; gyroscope; picture-in-picture; web-share\" referrerpolicy=\"strict-origin-when-cross-origin\" allowfullscreen><\/iframe>\n<\/div><\/figure>\n\n\n\n<h2 class=\"wp-block-heading\">\u00bfPor qu\u00e9 escucharla ahora?<\/h2>\n\n\n\n<ul class=\"wp-block-list\">\n<li>Porque \u201cNada Es Para Siempre\u201d es de esas canciones que se sienten: perfectas para noches de introspecci\u00f3n, para esos momentos en los que el coraz\u00f3n necesita recordar.<\/li>\n\n\n\n<li>Porque nos recuerda que la m\u00fasica puede ser refugio del desamor, del duelo emocional, pero tambi\u00e9n semilla de esperanza: aceptar el cambio, dejar ir, sanar.<\/li>\n\n\n\n<li>Porque representa una voz joven de Honduras, con talento y sensibilidad \u2014algo que siempre vale la pena apoyar.<\/li>\n\n\n\n<li>Y porque en un mar de singles r\u00e1pidos y ef\u00edmeros, esta balada apuesta por lo duradero: sentimientos, honestidad, conexi\u00f3n.<\/li>\n<\/ul>\n\n\n\n<h2 class=\"wp-block-heading\">Conclusi\u00f3n: La eternidad no existe \u2014 pero s\u00ed la emoci\u00f3n<\/h2>\n\n\n\n<p>\u201cNada Es Para Siempre\u201d no es solo una canci\u00f3n: es un susurro desde el alma. Samuel Calder\u00f3n no canta para impresionar, canta para sanar, para hacer que duela lo correcto, para ense\u00f1arnos que a veces despedirse no es dejar de amar, sino dejar de aferrarse.<\/p>\n\n\n\n<p>Si algo logra este sencillo, es hacernos sentir \u2014y eso, en un mundo de m\u00fasica r\u00e1pida y superficial, es un acto de valent\u00eda.<\/p>\n","protected":false},"excerpt":{"rendered":"<p>Hace pocas semanas, Samuel Calder\u00f3n \u2014orgullo musical de Honduras\u2014 nos entreg\u00f3 una canci\u00f3n que parece escrita por el alma misma: Nada Es Para Siempre. Con [&hellip;]<\/p>\n","protected":false},"author":1,"featured_media":161,"comment_status":"open","ping_status":"open","sticky":false,"template":"","format":"standard","meta":{"footnotes":""},"categories":[4,5,3],"tags":[21],"class_list":["post-160","post","type-post","status-publish","format-standard","has-post-thumbnail","hentry","category-catrachos-por-el-mundo","category-honduras-en-el-mundo","category-musica","tag-nada-es-para-siempre"],"_links":{"self":[{"href":"https:\/\/samuelcaderon.com\/index.php?rest_route=\/wp\/v2\/posts\/160","targetHints":{"allow":["GET"]}}],"collection":[{"href":"https:\/\/samuelcaderon.com\/index.php?rest_route=\/wp\/v2\/posts"}],"about":[{"href":"https:\/\/samuelcaderon.com\/index.php?rest_route=\/wp\/v2\/types\/post"}],"author":[{"embeddable":true,"href":"https:\/\/samuelcaderon.com\/index.php?rest_route=\/wp\/v2\/users\/1"}],"replies":[{"embeddable":true,"href":"https:\/\/samuelcaderon.com\/index.php?rest_route=%2Fwp%2Fv2%2Fcomments&post=160"}],"version-history":[{"count":1,"href":"https:\/\/samuelcaderon.com\/index.php?rest_route=\/wp\/v2\/posts\/160\/revisions"}],"predecessor-version":[{"id":162,"href":"https:\/\/samuelcaderon.com\/index.php?rest_route=\/wp\/v2\/posts\/160\/revisions\/162"}],"wp:featuredmedia":[{"embeddable":true,"href":"https:\/\/samuelcaderon.com\/index.php?rest_route=\/wp\/v2\/media\/161"}],"wp:attachment":[{"href":"https:\/\/samuelcaderon.com\/index.php?rest_route=%2Fwp%2Fv2%2Fmedia&parent=160"}],"wp:term":[{"taxonomy":"category","embeddable":true,"href":"https:\/\/samuelcaderon.com\/index.php?rest_route=%2Fwp%2Fv2%2Fcategories&post=160"},{"taxonomy":"post_tag","embeddable":true,"href":"https:\/\/samuelcaderon.com\/index.php?rest_route=%2Fwp%2Fv2%2Ftags&post=160"}],"curies":[{"name":"wp","href":"https:\/\/api.w.org\/{rel}","templated":true}]}}