{"id":153,"date":"2025-05-16T19:59:16","date_gmt":"2025-05-16T19:59:16","guid":{"rendered":"https:\/\/samuelcaderon.com\/?p=153"},"modified":"2025-05-16T19:59:16","modified_gmt":"2025-05-16T19:59:16","slug":"de-la-sana-envidia-al-fenomeno-internacional","status":"publish","type":"post","link":"https:\/\/samuelcaderon.com\/?p=153","title":{"rendered":"De la \u00absana envidia\u00bb al fen\u00f3meno internacional"},"content":{"rendered":"\n<p>Samuel Calder\u00f3n, el catracho que salt\u00f3 de Siguatepeque a las pantallas de MTV<\/p>\n\n\n\n<p>En los camerinos de cualquier festival hondure\u00f1o es un secreto a voces: <strong>Samuel Calder\u00f3n<\/strong> provoca la envidia \u2014de la buena y de la otra\u2014 entre sus colegas. No es para menos. Mientras muchos artistas locales siguen luchando por un primer sencillo en radio, el cantautor de Siguatepeque ya suma <strong>m\u00e1s de 30 singles y dos \u00e1lbumes de estudio<\/strong> (el debut <em>No Necesito Respirar<\/em> en 2020 y <em>Problema Favorito<\/em> en 2021 y su ultimo EP No Te Enamores 2025). Su constancia no s\u00f3lo le ha ganado una base de fans leales; tambi\u00e9n le abri\u00f3 la puerta a los escenarios de <strong>Madrid y Par\u00eds<\/strong>, donde actu\u00f3 el a\u00f1o pasado ante comunidades latinas e incluso rod\u00f3 el videoclip de su canci\u00f3n \u201cMadrid\u201d. <\/p>\n\n\n\n<h3 class=\"wp-block-heading\">Las canciones que cruzaron el Atl\u00e1ntico\u2026 y la barrera de los algoritmos<\/h3>\n\n\n\n<p>Calder\u00f3n ha convertido la autopista digital en su mejor aliada. Su balada <strong>\u201cSabor a Caf\u00e9\u201d<\/strong> \u2014una oda arom\u00e1tica al amor que se queda grabado como la cafe\u00edna en la sangre\u2014 super\u00f3 las 40 mil reproducciones en su canal de YouTube durante su primer a\u00f1o. <\/p>\n\n\n\n<figure class=\"wp-block-video\"><video height=\"720\" style=\"aspect-ratio: 1280 \/ 720;\" width=\"1280\" autoplay controls loop muted src=\"https:\/\/samuelcaderon.com\/wp-content\/uploads\/2025\/05\/TELEHIT-MUSICA.mp4\"><\/video><\/figure>\n\n\n\n<p><br>Hoy, el videoclip rota en <strong>Telehit (M\u00e9xico)<\/strong>, mientras que <strong>\u201cVete\u201d<\/strong> \u2014una despedida visceral grabada en Barcelona\u2014 figura en la parrilla de <strong>HTV (Miami)<\/strong> y, desde hace unas semanas, en <strong>MTV Latino<\/strong>. Para un artista independiente hondure\u00f1o, aparecer en la misma franja que superproducciones de Shakira o Camilo no es peque\u00f1a haza\u00f1a: es el equivalente a colarse en el VIP del pop continental.<\/p>\n\n\n\n<figure class=\"wp-block-video\"><video height=\"720\" style=\"aspect-ratio: 1280 \/ 720;\" width=\"1280\" controls src=\"https:\/\/samuelcaderon.com\/wp-content\/uploads\/2025\/05\/MTV.mp4\"><\/video><\/figure>\n\n\n\n<h3 class=\"wp-block-heading\">\u00bfQu\u00e9 tiene Samuel que no tengan los dem\u00e1s?<\/h3>\n\n\n\n<ol class=\"wp-block-list\">\n<li><strong>Narrativa personal<\/strong>. Todas sus letras nacen de experiencias propias: caf\u00e9s compartidos, despedidas en aeropuertos y amores que \u201chuelen a lluvia\u201d.<\/li>\n\n\n\n<li><strong>Estrategia quir\u00fargica<\/strong>. Publica m\u00fasica cada seis-ocho semanas, manteniendo el algoritmo sediento y a la audiencia atenta.<\/li>\n\n\n\n<li><strong>Autogesti\u00f3n global<\/strong>. Distribuye su cat\u00e1logo en 75 plataformas y viaja con un \u201cequipo de tres\u201d: \u00e9l, su guitarra y su laptop.<\/li>\n<\/ol>\n\n\n\n<h3 class=\"wp-block-heading\">Pr\u00f3ximo cap\u00edtulo: la conquista de la di\u00e1spora<\/h3>\n\n\n\n<p>Fuentes cercanas al artista confirman que trabaja en un <strong>EP biling\u00fce<\/strong> para 2026 y ya negocia fechas en <strong>Los \u00c1ngeles, Nueva York y Toronto<\/strong>, plazas donde la comunidad hondure\u00f1a crece con fuerza. \u201cQuiero que un compatriota pueda prender la tele en Brooklyn, ver mi video y sentir que Honduras suena fuerte\u201d, nos dijo v\u00eda mensaje de voz con su caracter\u00edstico tono sereno\u2026 y un sorbo de espresso de fondo, por supuesto.<\/p>\n\n\n\n<h3 class=\"wp-block-heading\">El dato que no sab\u00edas<\/h3>\n\n\n\n<p>Antes de estudiar m\u00fasica, Samuel se gradu\u00f3 de <strong>Gerencia de Negocios<\/strong>. Esa doble formaci\u00f3n explica por qu\u00e9 entiende tan bien la industria: escribe, compone, produce, negocia contratos y hasta dise\u00f1a la portada de sus sencillos.<\/p>\n\n\n\n<figure class=\"wp-block-image size-large\"><img loading=\"lazy\" decoding=\"async\" width=\"614\" height=\"1024\" src=\"https:\/\/samuelcaderon.com\/wp-content\/uploads\/2025\/05\/foto-para-portada-614x1024.jpg\" alt=\"\" class=\"wp-image-154\" srcset=\"https:\/\/samuelcaderon.com\/wp-content\/uploads\/2025\/05\/foto-para-portada-614x1024.jpg 614w, https:\/\/samuelcaderon.com\/wp-content\/uploads\/2025\/05\/foto-para-portada-180x300.jpg 180w, https:\/\/samuelcaderon.com\/wp-content\/uploads\/2025\/05\/foto-para-portada-768x1281.jpg 768w, https:\/\/samuelcaderon.com\/wp-content\/uploads\/2025\/05\/foto-para-portada-921x1536.jpg 921w, https:\/\/samuelcaderon.com\/wp-content\/uploads\/2025\/05\/foto-para-portada-1228x2048.jpg 1228w, https:\/\/samuelcaderon.com\/wp-content\/uploads\/2025\/05\/foto-para-portada-scaled.jpg 1535w\" sizes=\"auto, (max-width: 614px) 100vw, 614px\" \/><\/figure>\n","protected":false},"excerpt":{"rendered":"<p>Samuel Calder\u00f3n, el catracho que salt\u00f3 de Siguatepeque a las pantallas de MTV En los camerinos de cualquier festival hondure\u00f1o es un secreto a voces: [&hellip;]<\/p>\n","protected":false},"author":1,"featured_media":154,"comment_status":"open","ping_status":"open","sticky":false,"template":"","format":"standard","meta":{"footnotes":""},"categories":[4,5,3],"tags":[],"class_list":["post-153","post","type-post","status-publish","format-standard","has-post-thumbnail","hentry","category-catrachos-por-el-mundo","category-honduras-en-el-mundo","category-musica"],"_links":{"self":[{"href":"https:\/\/samuelcaderon.com\/index.php?rest_route=\/wp\/v2\/posts\/153","targetHints":{"allow":["GET"]}}],"collection":[{"href":"https:\/\/samuelcaderon.com\/index.php?rest_route=\/wp\/v2\/posts"}],"about":[{"href":"https:\/\/samuelcaderon.com\/index.php?rest_route=\/wp\/v2\/types\/post"}],"author":[{"embeddable":true,"href":"https:\/\/samuelcaderon.com\/index.php?rest_route=\/wp\/v2\/users\/1"}],"replies":[{"embeddable":true,"href":"https:\/\/samuelcaderon.com\/index.php?rest_route=%2Fwp%2Fv2%2Fcomments&post=153"}],"version-history":[{"count":1,"href":"https:\/\/samuelcaderon.com\/index.php?rest_route=\/wp\/v2\/posts\/153\/revisions"}],"predecessor-version":[{"id":157,"href":"https:\/\/samuelcaderon.com\/index.php?rest_route=\/wp\/v2\/posts\/153\/revisions\/157"}],"wp:featuredmedia":[{"embeddable":true,"href":"https:\/\/samuelcaderon.com\/index.php?rest_route=\/wp\/v2\/media\/154"}],"wp:attachment":[{"href":"https:\/\/samuelcaderon.com\/index.php?rest_route=%2Fwp%2Fv2%2Fmedia&parent=153"}],"wp:term":[{"taxonomy":"category","embeddable":true,"href":"https:\/\/samuelcaderon.com\/index.php?rest_route=%2Fwp%2Fv2%2Fcategories&post=153"},{"taxonomy":"post_tag","embeddable":true,"href":"https:\/\/samuelcaderon.com\/index.php?rest_route=%2Fwp%2Fv2%2Ftags&post=153"}],"curies":[{"name":"wp","href":"https:\/\/api.w.org\/{rel}","templated":true}]}}